{"id":10166,"date":"2018-06-01T19:43:46","date_gmt":"2018-06-01T22:43:46","guid":{"rendered":"http:\/\/www.exitmusic.com.ar\/news\/?p=10166"},"modified":"2019-11-08T15:40:07","modified_gmt":"2019-11-08T18:40:07","slug":"tempodrom-berlin-thom-nigel","status":"publish","type":"post","link":"https:\/\/www.exitmusic.com.ar\/news\/2018\/06\/01\/tempodrom-berlin-thom-nigel\/","title":{"rendered":"Tempodrom, Berl\u00edn [Thom &#038; Nigel]"},"content":{"rendered":"<p>Thom Yorke y Nigel Godrich continuan su mini gira europea, acompa\u00f1ados por Tarik Barri en visuales y Oliver Coates en la apertura del show. La parada de hoy es en el Tempodrom de la capital alemana. El tour terminar\u00e1 el pr\u00f3ximo 16 de Junio en Barcelona, en la edici\u00f3n n\u00famero 25 del festival S\u00f3nar.<\/p>\n<p>En el \u00faltimo show, en Zurich, \u00abSpectre\u00bb volvi\u00f3 a hacer una aparici\u00f3n como segundo encore.<\/p>\n<p>Setlist (sujeto a confirmaci\u00f3n)<\/p>\n<ol>\n<li>Interference<\/li>\n<li>A Brain in a Bottle<\/li>\n<li>Impossible Knots<\/li>\n<li>Black Swan<\/li>\n<li>I am a Very Rude Person<\/li>\n<li>The Clock<\/li>\n<li>Two Feet off the Ground<\/li>\n<li>Amok<\/li>\n<li>Not The News<\/li>\n<li>Traffic<\/li>\n<li>Truth Ray<\/li>\n<li>Twist<\/li>\n<li>Pink Section<\/li>\n<li>Nose Grows Some<\/li>\n<li>Cymbal Rush<br \/>\n&#8212;<\/li>\n<li>The Axe<\/li>\n<li>Atoms for Peace<\/li>\n<li>Default<\/li>\n<li>Spectre<\/li>\n<\/ol>\n<blockquote class=\"twitter-tweet\" data-width=\"550\" data-dnt=\"true\">\n<p lang=\"in\" dir=\"ltr\"><a href=\"https:\/\/twitter.com\/hashtag\/thomyorke?src=hash&amp;ref_src=twsrc%5Etfw\">#thomyorke<\/a> (at <a href=\"https:\/\/twitter.com\/tempodrom?ref_src=twsrc%5Etfw\">@Tempodrom<\/a> in Berlin) <a href=\"https:\/\/t.co\/oNhRWmQjjv\">https:\/\/t.co\/oNhRWmQjjv<\/a> <a href=\"https:\/\/t.co\/PWt9Bfok9B\">pic.twitter.com\/PWt9Bfok9B<\/a><\/p>\n<p>&mdash; Ralph Degenkolb (@riederwald1899) <a href=\"https:\/\/twitter.com\/riederwald1899\/status\/1002588775506161664?ref_src=twsrc%5Etfw\">June 1, 2018<\/a><\/p><\/blockquote>\n<p><script async src=\"https:\/\/platform.twitter.com\/widgets.js\" charset=\"utf-8\"><\/script><\/p>\n<p><iframe loading=\"lazy\" title=\"Thom Yorke - The Axe (new song) in Tempodrom Berlin 1 June 2018\" width=\"840\" height=\"473\" src=\"https:\/\/www.youtube.com\/embed\/akeO6p5dcHU?feature=oembed\" frameborder=\"0\" allow=\"accelerometer; autoplay; clipboard-write; encrypted-media; gyroscope; picture-in-picture\" allowfullscreen><\/iframe><\/p>\n<p>https:\/\/www.instagram.com\/p\/Bjf7nItASZn\/?taken-at=234415331<\/p>\n<p><iframe loading=\"lazy\" title=\"Thom Yorke - Amok (Atoms for Peace song) in Tempodrom Berlin 1 June 2018\" width=\"840\" height=\"473\" src=\"https:\/\/www.youtube.com\/embed\/CMI_7qUkxho?feature=oembed\" frameborder=\"0\" allow=\"accelerometer; autoplay; clipboard-write; encrypted-media; gyroscope; picture-in-picture\" allowfullscreen><\/iframe><\/p>\n<p>https:\/\/www.instagram.com\/p\/Bjf780GAFI3\/?taken-at=234415331<\/p>\n<p>https:\/\/www.instagram.com\/p\/Bjf7yCSgwBf\/?taken-at=234415331<\/p>\n<p>https:\/\/www.instagram.com\/p\/BjfXkBgBg-y\/?taken-at=234415331<\/p>","protected":false},"excerpt":{"rendered":"<p>Thom Yorke y Nigel Godrich continuan su mini gira europea, acompa\u00f1ados por Tarik Barri en visuales y Oliver Coates en la apertura del show. La parada de hoy es en el Tempodrom de la capital&hellip; <a href=\"https:\/\/www.exitmusic.com.ar\/news\/2018\/06\/01\/tempodrom-berlin-thom-nigel\/\" class=\"morelink\"> m\u00e1s \u00bb<\/a><\/p>","protected":false},"author":2,"featured_media":10167,"comment_status":"open","ping_status":"open","sticky":false,"template":"","format":"standard","meta":{"footnotes":""},"categories":[1,1380],"tags":[1178,1241,1171,1176],"class_list":["post-10166","post","type-post","status-publish","format-standard","has-post-thumbnail","hentry","category-noticias","category-thom-yorke","tag-nigel-godrich","tag-oliver-coates","tag-tarik-barri","tag-thom-yorke"],"yoast_head":"<!-- This site is optimized with the Yoast SEO plugin v27.5 - https:\/\/yoast.com\/product\/yoast-seo-wordpress\/ -->\n<title>Tempodrom, Berl\u00edn [Thom &amp; Nigel] &#8211; ExitMusicAr | Radiohead Argentina - \u00faltimas noticias<\/title>\n<meta name=\"description\" content=\"Thom Yorke y Nigel Godrich continuan su mini gira europea, acompa\u00f1ados por Tarik Barri en visuales y Oliver Coates en la apertura del show.\" \/>\n<meta name=\"robots\" content=\"index, follow, max-snippet:-1, max-image-preview:large, max-video-preview:-1\" \/>\n<link rel=\"canonical\" href=\"https:\/\/www.exitmusic.com.ar\/news\/2018\/06\/01\/tempodrom-berlin-thom-nigel\/\" \/>\n<meta property=\"og:locale\" content=\"es_ES\" \/>\n<meta property=\"og:type\" content=\"article\" \/>\n<meta property=\"og:title\" content=\"Tempodrom, Berl\u00edn [Thom &amp; Nigel] &#8211; ExitMusicAr | Radiohead Argentina - \u00faltimas noticias\" \/>\n<meta property=\"og:description\" content=\"Thom Yorke y Nigel Godrich continuan su mini gira europea, acompa\u00f1ados por Tarik Barri en visuales y Oliver Coates en la apertura del show.\" \/>\n<meta property=\"og:url\" content=\"https:\/\/www.exitmusic.com.ar\/news\/2018\/06\/01\/tempodrom-berlin-thom-nigel\/\" \/>\n<meta property=\"og:site_name\" content=\"ExitMusicAr | Radiohead Argentina - \u00faltimas noticias\" \/>\n<meta property=\"article:publisher\" content=\"https:\/\/www.facebook.com\/ExitMusicAr\" \/>\n<meta property=\"article:published_time\" content=\"2018-06-01T22:43:46+00:00\" \/>\n<meta property=\"article:modified_time\" content=\"2019-11-08T18:40:07+00:00\" \/>\n<meta property=\"og:image\" content=\"https:\/\/www.exitmusic.com.ar\/news\/wp-content\/uploads\/2018\/06\/DYpSiR3WAAM2YMR.jpg\" \/>\n\t<meta property=\"og:image:width\" content=\"1080\" \/>\n\t<meta property=\"og:image:height\" content=\"1080\" \/>\n\t<meta property=\"og:image:type\" content=\"image\/jpeg\" \/>\n<meta name=\"author\" content=\"britbomber\" \/>\n<meta name=\"twitter:card\" content=\"summary_large_image\" \/>\n<meta name=\"twitter:creator\" content=\"@ExitMusicAr\" \/>\n<meta name=\"twitter:site\" content=\"@ExitMusicAr\" \/>\n<meta name=\"twitter:label1\" content=\"Escrito por\" \/>\n\t<meta name=\"twitter:data1\" content=\"britbomber\" \/>\n\t<meta name=\"twitter:label2\" content=\"Tiempo de lectura\" \/>\n\t<meta name=\"twitter:data2\" content=\"1 minuto\" \/>\n<script type=\"application\/ld+json\" class=\"yoast-schema-graph\">{\"@context\":\"https:\\\/\\\/schema.org\",\"@graph\":[{\"@type\":\"NewsArticle\",\"@id\":\"https:\\\/\\\/www.exitmusic.com.ar\\\/news\\\/2018\\\/06\\\/01\\\/tempodrom-berlin-thom-nigel\\\/#article\",\"isPartOf\":{\"@id\":\"https:\\\/\\\/www.exitmusic.com.ar\\\/news\\\/2018\\\/06\\\/01\\\/tempodrom-berlin-thom-nigel\\\/\"},\"author\":{\"name\":\"britbomber\",\"@id\":\"https:\\\/\\\/www.exitmusic.com.ar\\\/news\\\/#\\\/schema\\\/person\\\/5b17484c1a134bd78759c85b056b2e9a\"},\"headline\":\"Tempodrom, Berl\u00edn [Thom &#038; Nigel]\",\"datePublished\":\"2018-06-01T22:43:46+00:00\",\"dateModified\":\"2019-11-08T18:40:07+00:00\",\"mainEntityOfPage\":{\"@id\":\"https:\\\/\\\/www.exitmusic.com.ar\\\/news\\\/2018\\\/06\\\/01\\\/tempodrom-berlin-thom-nigel\\\/\"},\"wordCount\":182,\"commentCount\":0,\"image\":{\"@id\":\"https:\\\/\\\/www.exitmusic.com.ar\\\/news\\\/2018\\\/06\\\/01\\\/tempodrom-berlin-thom-nigel\\\/#primaryimage\"},\"thumbnailUrl\":\"https:\\\/\\\/www.exitmusic.com.ar\\\/news\\\/wp-content\\\/uploads\\\/2018\\\/06\\\/DYpSiR3WAAM2YMR.jpg\",\"keywords\":[\"nigel godrich\",\"oliver coates\",\"tarik barri\",\"thom yorke\"],\"articleSection\":[\"Noticias\",\"Thom Yorke\"],\"inLanguage\":\"es\",\"potentialAction\":[{\"@type\":\"CommentAction\",\"name\":\"Comment\",\"target\":[\"https:\\\/\\\/www.exitmusic.com.ar\\\/news\\\/2018\\\/06\\\/01\\\/tempodrom-berlin-thom-nigel\\\/#respond\"]}]},{\"@type\":\"WebPage\",\"@id\":\"https:\\\/\\\/www.exitmusic.com.ar\\\/news\\\/2018\\\/06\\\/01\\\/tempodrom-berlin-thom-nigel\\\/\",\"url\":\"https:\\\/\\\/www.exitmusic.com.ar\\\/news\\\/2018\\\/06\\\/01\\\/tempodrom-berlin-thom-nigel\\\/\",\"name\":\"Tempodrom, Berl\u00edn [Thom & Nigel] &#8211; ExitMusicAr | Radiohead Argentina - \u00faltimas noticias\",\"isPartOf\":{\"@id\":\"https:\\\/\\\/www.exitmusic.com.ar\\\/news\\\/#website\"},\"primaryImageOfPage\":{\"@id\":\"https:\\\/\\\/www.exitmusic.com.ar\\\/news\\\/2018\\\/06\\\/01\\\/tempodrom-berlin-thom-nigel\\\/#primaryimage\"},\"image\":{\"@id\":\"https:\\\/\\\/www.exitmusic.com.ar\\\/news\\\/2018\\\/06\\\/01\\\/tempodrom-berlin-thom-nigel\\\/#primaryimage\"},\"thumbnailUrl\":\"https:\\\/\\\/www.exitmusic.com.ar\\\/news\\\/wp-content\\\/uploads\\\/2018\\\/06\\\/DYpSiR3WAAM2YMR.jpg\",\"datePublished\":\"2018-06-01T22:43:46+00:00\",\"dateModified\":\"2019-11-08T18:40:07+00:00\",\"author\":{\"@id\":\"https:\\\/\\\/www.exitmusic.com.ar\\\/news\\\/#\\\/schema\\\/person\\\/5b17484c1a134bd78759c85b056b2e9a\"},\"description\":\"Thom Yorke y Nigel Godrich continuan su mini gira europea, acompa\u00f1ados por Tarik Barri en visuales y Oliver Coates en la apertura del show.\",\"breadcrumb\":{\"@id\":\"https:\\\/\\\/www.exitmusic.com.ar\\\/news\\\/2018\\\/06\\\/01\\\/tempodrom-berlin-thom-nigel\\\/#breadcrumb\"},\"inLanguage\":\"es\",\"potentialAction\":[{\"@type\":\"ReadAction\",\"target\":[\"https:\\\/\\\/www.exitmusic.com.ar\\\/news\\\/2018\\\/06\\\/01\\\/tempodrom-berlin-thom-nigel\\\/\"]}]},{\"@type\":\"ImageObject\",\"inLanguage\":\"es\",\"@id\":\"https:\\\/\\\/www.exitmusic.com.ar\\\/news\\\/2018\\\/06\\\/01\\\/tempodrom-berlin-thom-nigel\\\/#primaryimage\",\"url\":\"https:\\\/\\\/www.exitmusic.com.ar\\\/news\\\/wp-content\\\/uploads\\\/2018\\\/06\\\/DYpSiR3WAAM2YMR.jpg\",\"contentUrl\":\"https:\\\/\\\/www.exitmusic.com.ar\\\/news\\\/wp-content\\\/uploads\\\/2018\\\/06\\\/DYpSiR3WAAM2YMR.jpg\",\"width\":1080,\"height\":1080},{\"@type\":\"BreadcrumbList\",\"@id\":\"https:\\\/\\\/www.exitmusic.com.ar\\\/news\\\/2018\\\/06\\\/01\\\/tempodrom-berlin-thom-nigel\\\/#breadcrumb\",\"itemListElement\":[{\"@type\":\"ListItem\",\"position\":1,\"name\":\"Inicio\",\"item\":\"https:\\\/\\\/www.exitmusic.com.ar\\\/news\\\/\"},{\"@type\":\"ListItem\",\"position\":2,\"name\":\"Noticias\",\"item\":\"https:\\\/\\\/www.exitmusic.com.ar\\\/news\\\/secciones\\\/noticias\\\/\"},{\"@type\":\"ListItem\",\"position\":3,\"name\":\"Thom Yorke\",\"item\":\"https:\\\/\\\/www.exitmusic.com.ar\\\/news\\\/secciones\\\/noticias\\\/thom-yorke\\\/\"},{\"@type\":\"ListItem\",\"position\":4,\"name\":\"Tempodrom, Berl\u00edn [Thom &#038; Nigel]\"}]},{\"@type\":\"WebSite\",\"@id\":\"https:\\\/\\\/www.exitmusic.com.ar\\\/news\\\/#website\",\"url\":\"https:\\\/\\\/www.exitmusic.com.ar\\\/news\\\/\",\"name\":\"ExitMusicAr | Radiohead Argentina\",\"description\":\"Noticias e informaci\u00f3n sobre Radiohead, EOB, Philip Selway, Jonny Greenwood, Thom Yorke, Atoms for Peace y The Smile\",\"potentialAction\":[{\"@type\":\"SearchAction\",\"target\":{\"@type\":\"EntryPoint\",\"urlTemplate\":\"https:\\\/\\\/www.exitmusic.com.ar\\\/news\\\/?s={search_term_string}\"},\"query-input\":{\"@type\":\"PropertyValueSpecification\",\"valueRequired\":true,\"valueName\":\"search_term_string\"}}],\"inLanguage\":\"es\"},{\"@type\":\"Person\",\"@id\":\"https:\\\/\\\/www.exitmusic.com.ar\\\/news\\\/#\\\/schema\\\/person\\\/5b17484c1a134bd78759c85b056b2e9a\",\"name\":\"britbomber\",\"image\":{\"@type\":\"ImageObject\",\"inLanguage\":\"es\",\"@id\":\"https:\\\/\\\/secure.gravatar.com\\\/avatar\\\/7aa60245619700190832ac995e42108bfadba25baafc3bf5bb91e97db0e7a0bd?s=96&d=identicon&r=r\",\"url\":\"https:\\\/\\\/secure.gravatar.com\\\/avatar\\\/7aa60245619700190832ac995e42108bfadba25baafc3bf5bb91e97db0e7a0bd?s=96&d=identicon&r=r\",\"contentUrl\":\"https:\\\/\\\/secure.gravatar.com\\\/avatar\\\/7aa60245619700190832ac995e42108bfadba25baafc3bf5bb91e97db0e7a0bd?s=96&d=identicon&r=r\",\"caption\":\"britbomber\"}}]}<\/script>\n<!-- \/ Yoast SEO plugin. -->","yoast_head_json":{"title":"Tempodrom, Berl\u00edn [Thom & Nigel] &#8211; ExitMusicAr | Radiohead Argentina - \u00faltimas noticias","description":"Thom Yorke y Nigel Godrich continuan su mini gira europea, acompa\u00f1ados por Tarik Barri en visuales y Oliver Coates en la apertura del show.","robots":{"index":"index","follow":"follow","max-snippet":"max-snippet:-1","max-image-preview":"max-image-preview:large","max-video-preview":"max-video-preview:-1"},"canonical":"https:\/\/www.exitmusic.com.ar\/news\/2018\/06\/01\/tempodrom-berlin-thom-nigel\/","og_locale":"es_ES","og_type":"article","og_title":"Tempodrom, Berl\u00edn [Thom & Nigel] &#8211; ExitMusicAr | Radiohead Argentina - \u00faltimas noticias","og_description":"Thom Yorke y Nigel Godrich continuan su mini gira europea, acompa\u00f1ados por Tarik Barri en visuales y Oliver Coates en la apertura del show.","og_url":"https:\/\/www.exitmusic.com.ar\/news\/2018\/06\/01\/tempodrom-berlin-thom-nigel\/","og_site_name":"ExitMusicAr | Radiohead Argentina - \u00faltimas noticias","article_publisher":"https:\/\/www.facebook.com\/ExitMusicAr","article_published_time":"2018-06-01T22:43:46+00:00","article_modified_time":"2019-11-08T18:40:07+00:00","og_image":[{"width":1080,"height":1080,"url":"https:\/\/www.exitmusic.com.ar\/news\/wp-content\/uploads\/2018\/06\/DYpSiR3WAAM2YMR.jpg","type":"image\/jpeg"}],"author":"britbomber","twitter_card":"summary_large_image","twitter_creator":"@ExitMusicAr","twitter_site":"@ExitMusicAr","twitter_misc":{"Escrito por":"britbomber","Tiempo de lectura":"1 minuto"},"schema":{"@context":"https:\/\/schema.org","@graph":[{"@type":"NewsArticle","@id":"https:\/\/www.exitmusic.com.ar\/news\/2018\/06\/01\/tempodrom-berlin-thom-nigel\/#article","isPartOf":{"@id":"https:\/\/www.exitmusic.com.ar\/news\/2018\/06\/01\/tempodrom-berlin-thom-nigel\/"},"author":{"name":"britbomber","@id":"https:\/\/www.exitmusic.com.ar\/news\/#\/schema\/person\/5b17484c1a134bd78759c85b056b2e9a"},"headline":"Tempodrom, Berl\u00edn [Thom &#038; Nigel]","datePublished":"2018-06-01T22:43:46+00:00","dateModified":"2019-11-08T18:40:07+00:00","mainEntityOfPage":{"@id":"https:\/\/www.exitmusic.com.ar\/news\/2018\/06\/01\/tempodrom-berlin-thom-nigel\/"},"wordCount":182,"commentCount":0,"image":{"@id":"https:\/\/www.exitmusic.com.ar\/news\/2018\/06\/01\/tempodrom-berlin-thom-nigel\/#primaryimage"},"thumbnailUrl":"https:\/\/www.exitmusic.com.ar\/news\/wp-content\/uploads\/2018\/06\/DYpSiR3WAAM2YMR.jpg","keywords":["nigel godrich","oliver coates","tarik barri","thom yorke"],"articleSection":["Noticias","Thom Yorke"],"inLanguage":"es","potentialAction":[{"@type":"CommentAction","name":"Comment","target":["https:\/\/www.exitmusic.com.ar\/news\/2018\/06\/01\/tempodrom-berlin-thom-nigel\/#respond"]}]},{"@type":"WebPage","@id":"https:\/\/www.exitmusic.com.ar\/news\/2018\/06\/01\/tempodrom-berlin-thom-nigel\/","url":"https:\/\/www.exitmusic.com.ar\/news\/2018\/06\/01\/tempodrom-berlin-thom-nigel\/","name":"Tempodrom, Berl\u00edn [Thom & Nigel] &#8211; ExitMusicAr | Radiohead Argentina - \u00faltimas noticias","isPartOf":{"@id":"https:\/\/www.exitmusic.com.ar\/news\/#website"},"primaryImageOfPage":{"@id":"https:\/\/www.exitmusic.com.ar\/news\/2018\/06\/01\/tempodrom-berlin-thom-nigel\/#primaryimage"},"image":{"@id":"https:\/\/www.exitmusic.com.ar\/news\/2018\/06\/01\/tempodrom-berlin-thom-nigel\/#primaryimage"},"thumbnailUrl":"https:\/\/www.exitmusic.com.ar\/news\/wp-content\/uploads\/2018\/06\/DYpSiR3WAAM2YMR.jpg","datePublished":"2018-06-01T22:43:46+00:00","dateModified":"2019-11-08T18:40:07+00:00","author":{"@id":"https:\/\/www.exitmusic.com.ar\/news\/#\/schema\/person\/5b17484c1a134bd78759c85b056b2e9a"},"description":"Thom Yorke y Nigel Godrich continuan su mini gira europea, acompa\u00f1ados por Tarik Barri en visuales y Oliver Coates en la apertura del show.","breadcrumb":{"@id":"https:\/\/www.exitmusic.com.ar\/news\/2018\/06\/01\/tempodrom-berlin-thom-nigel\/#breadcrumb"},"inLanguage":"es","potentialAction":[{"@type":"ReadAction","target":["https:\/\/www.exitmusic.com.ar\/news\/2018\/06\/01\/tempodrom-berlin-thom-nigel\/"]}]},{"@type":"ImageObject","inLanguage":"es","@id":"https:\/\/www.exitmusic.com.ar\/news\/2018\/06\/01\/tempodrom-berlin-thom-nigel\/#primaryimage","url":"https:\/\/www.exitmusic.com.ar\/news\/wp-content\/uploads\/2018\/06\/DYpSiR3WAAM2YMR.jpg","contentUrl":"https:\/\/www.exitmusic.com.ar\/news\/wp-content\/uploads\/2018\/06\/DYpSiR3WAAM2YMR.jpg","width":1080,"height":1080},{"@type":"BreadcrumbList","@id":"https:\/\/www.exitmusic.com.ar\/news\/2018\/06\/01\/tempodrom-berlin-thom-nigel\/#breadcrumb","itemListElement":[{"@type":"ListItem","position":1,"name":"Inicio","item":"https:\/\/www.exitmusic.com.ar\/news\/"},{"@type":"ListItem","position":2,"name":"Noticias","item":"https:\/\/www.exitmusic.com.ar\/news\/secciones\/noticias\/"},{"@type":"ListItem","position":3,"name":"Thom Yorke","item":"https:\/\/www.exitmusic.com.ar\/news\/secciones\/noticias\/thom-yorke\/"},{"@type":"ListItem","position":4,"name":"Tempodrom, Berl\u00edn [Thom &#038; Nigel]"}]},{"@type":"WebSite","@id":"https:\/\/www.exitmusic.com.ar\/news\/#website","url":"https:\/\/www.exitmusic.com.ar\/news\/","name":"ExitMusicAr | Radiohead Argentina","description":"Noticias e informaci\u00f3n sobre Radiohead, EOB, Philip Selway, Jonny Greenwood, Thom Yorke, Atoms for Peace y The Smile","potentialAction":[{"@type":"SearchAction","target":{"@type":"EntryPoint","urlTemplate":"https:\/\/www.exitmusic.com.ar\/news\/?s={search_term_string}"},"query-input":{"@type":"PropertyValueSpecification","valueRequired":true,"valueName":"search_term_string"}}],"inLanguage":"es"},{"@type":"Person","@id":"https:\/\/www.exitmusic.com.ar\/news\/#\/schema\/person\/5b17484c1a134bd78759c85b056b2e9a","name":"britbomber","image":{"@type":"ImageObject","inLanguage":"es","@id":"https:\/\/secure.gravatar.com\/avatar\/7aa60245619700190832ac995e42108bfadba25baafc3bf5bb91e97db0e7a0bd?s=96&d=identicon&r=r","url":"https:\/\/secure.gravatar.com\/avatar\/7aa60245619700190832ac995e42108bfadba25baafc3bf5bb91e97db0e7a0bd?s=96&d=identicon&r=r","contentUrl":"https:\/\/secure.gravatar.com\/avatar\/7aa60245619700190832ac995e42108bfadba25baafc3bf5bb91e97db0e7a0bd?s=96&d=identicon&r=r","caption":"britbomber"}}]}},"amp_enabled":true,"_links":{"self":[{"href":"https:\/\/www.exitmusic.com.ar\/news\/wp-json\/wp\/v2\/posts\/10166","targetHints":{"allow":["GET"]}}],"collection":[{"href":"https:\/\/www.exitmusic.com.ar\/news\/wp-json\/wp\/v2\/posts"}],"about":[{"href":"https:\/\/www.exitmusic.com.ar\/news\/wp-json\/wp\/v2\/types\/post"}],"author":[{"embeddable":true,"href":"https:\/\/www.exitmusic.com.ar\/news\/wp-json\/wp\/v2\/users\/2"}],"replies":[{"embeddable":true,"href":"https:\/\/www.exitmusic.com.ar\/news\/wp-json\/wp\/v2\/comments?post=10166"}],"version-history":[{"count":0,"href":"https:\/\/www.exitmusic.com.ar\/news\/wp-json\/wp\/v2\/posts\/10166\/revisions"}],"wp:featuredmedia":[{"embeddable":true,"href":"https:\/\/www.exitmusic.com.ar\/news\/wp-json\/wp\/v2\/media\/10167"}],"wp:attachment":[{"href":"https:\/\/www.exitmusic.com.ar\/news\/wp-json\/wp\/v2\/media?parent=10166"}],"wp:term":[{"taxonomy":"category","embeddable":true,"href":"https:\/\/www.exitmusic.com.ar\/news\/wp-json\/wp\/v2\/categories?post=10166"},{"taxonomy":"post_tag","embeddable":true,"href":"https:\/\/www.exitmusic.com.ar\/news\/wp-json\/wp\/v2\/tags?post=10166"}],"curies":[{"name":"wp","href":"https:\/\/api.w.org\/{rel}","templated":true}]}}