{"id":10242,"date":"2018-06-16T22:10:16","date_gmt":"2018-06-17T01:10:16","guid":{"rendered":"http:\/\/www.exitmusic.com.ar\/news\/?p=10242"},"modified":"2019-11-08T15:39:42","modified_gmt":"2019-11-08T18:39:42","slug":"sonar-festival-barcelona-thom-nigel","status":"publish","type":"post","link":"https:\/\/www.exitmusic.com.ar\/news\/2018\/06\/16\/sonar-festival-barcelona-thom-nigel\/","title":{"rendered":"S\u00f3nar Festival, Barcelona [Thom &#038; Nigel]"},"content":{"rendered":"<p>Thom y Nigel llegaron al final de su mini gira europea con un show en el festival Sonar de Barcelona, que est\u00e1 cumpliendo con esta edici\u00f3n 25 a\u00f1os. Tarik Barri acompa\u00f1o en visuales, como siempre.<\/p>\n<p>Setlist<\/p>\n<ol>\n<li>Interference<\/li>\n<li>A Brain in a Bottle<\/li>\n<li>Black Swan<\/li>\n<li>Not the news<\/li>\n<li>Impossible Knots<\/li>\n<li>Cymbal Rush<\/li>\n<li>And it rained all night<\/li>\n<li>I am a very rude person<\/li>\n<li>Truth Ray<\/li>\n<li>Traffic<\/li>\n<li>Twist<\/li>\n<li>The Axe<\/li>\n<li>Amok<\/li>\n<li>Atoms for Peace<\/li>\n<li>Default<\/li>\n<\/ol>\n<p>https:\/\/www.instagram.com\/p\/BkGyAOLFGxH\/?utm_source=ig_share_sheet&#038;igshid=qnu9iw1u9naq<\/p>\n<p><iframe loading=\"lazy\" title=\"THOM YORKE @ S\u00d3NAR 2018\" width=\"840\" height=\"473\" src=\"https:\/\/www.youtube.com\/embed\/videoseries?list=PL4G-8pElla8kU6bkTN-LIpIjez9GyFVar\" frameborder=\"0\" allow=\"accelerometer; autoplay; clipboard-write; encrypted-media; gyroscope; picture-in-picture\" allowfullscreen><\/iframe><\/p>\n<p><a title=\"Thom Yorke y Nigel Godrich @ S\u00f3nar 2018\" href=\"https:\/\/www.flickr.com\/photos\/exitmusicar\/albums\/72157698167535545\" data-flickr-embed=\"true\" data-header=\"true\" data-footer=\"true\"><img loading=\"lazy\" decoding=\"async\" src=\"https:\/\/farm2.staticflickr.com\/1770\/29033230078_4a04940630.jpg\" alt=\"Thom Yorke y Nigel Godrich @ S\u00f3nar 2018\" width=\"500\" height=\"459\" \/><\/a><script async src=\"\/\/embedr.flickr.com\/assets\/client-code.js\" charset=\"utf-8\"><\/script><\/p>","protected":false},"excerpt":{"rendered":"<p>Thom y Nigel llegaron al final de su mini gira europea con un show en el festival Sonar de Barcelona, que est\u00e1 cumpliendo con esta edici\u00f3n 25 a\u00f1os. Tarik Barri acompa\u00f1o en visuales, como siempre.&hellip; <a href=\"https:\/\/www.exitmusic.com.ar\/news\/2018\/06\/16\/sonar-festival-barcelona-thom-nigel\/\" class=\"morelink\"> m\u00e1s \u00bb<\/a><\/p>","protected":false},"author":2,"featured_media":0,"comment_status":"open","ping_status":"open","sticky":false,"template":"","format":"standard","meta":{"footnotes":""},"categories":[1,1380],"tags":[1178,1171,1176],"class_list":["post-10242","post","type-post","status-publish","format-standard","hentry","category-noticias","category-thom-yorke","tag-nigel-godrich","tag-tarik-barri","tag-thom-yorke"],"yoast_head":"<!-- This site is optimized with the Yoast SEO plugin v27.5 - https:\/\/yoast.com\/product\/yoast-seo-wordpress\/ -->\n<title>S\u00f3nar Festival, Barcelona [Thom &amp; Nigel] &#8211; ExitMusicAr | Radiohead Argentina - \u00faltimas noticias<\/title>\n<meta name=\"description\" content=\"Thom Yorke y Nigel Godrich cerraron su gira europea hoy en la vigesimoquinta edici\u00f3n del festival Sonar de Barcelona.\" \/>\n<meta name=\"robots\" content=\"index, follow, max-snippet:-1, max-image-preview:large, max-video-preview:-1\" \/>\n<link rel=\"canonical\" href=\"https:\/\/www.exitmusic.com.ar\/news\/2018\/06\/16\/sonar-festival-barcelona-thom-nigel\/\" \/>\n<meta property=\"og:locale\" content=\"es_ES\" \/>\n<meta property=\"og:type\" content=\"article\" \/>\n<meta property=\"og:title\" content=\"S\u00f3nar Festival, Barcelona [Thom &amp; Nigel] &#8211; ExitMusicAr | Radiohead Argentina - \u00faltimas noticias\" \/>\n<meta property=\"og:description\" content=\"Thom Yorke y Nigel Godrich cerraron su gira europea hoy en la vigesimoquinta edici\u00f3n del festival Sonar de Barcelona.\" \/>\n<meta property=\"og:url\" content=\"https:\/\/www.exitmusic.com.ar\/news\/2018\/06\/16\/sonar-festival-barcelona-thom-nigel\/\" \/>\n<meta property=\"og:site_name\" content=\"ExitMusicAr | Radiohead Argentina - \u00faltimas noticias\" \/>\n<meta property=\"article:publisher\" content=\"https:\/\/www.facebook.com\/ExitMusicAr\" \/>\n<meta property=\"article:published_time\" content=\"2018-06-17T01:10:16+00:00\" \/>\n<meta property=\"article:modified_time\" content=\"2019-11-08T18:39:42+00:00\" \/>\n<meta property=\"og:image\" content=\"https:\/\/farm2.staticflickr.com\/1770\/29033230078_4a04940630.jpg\" \/>\n<meta name=\"author\" content=\"britbomber\" \/>\n<meta name=\"twitter:card\" content=\"summary_large_image\" \/>\n<meta name=\"twitter:creator\" content=\"@ExitMusicAr\" \/>\n<meta name=\"twitter:site\" content=\"@ExitMusicAr\" \/>\n<meta name=\"twitter:label1\" content=\"Escrito por\" \/>\n\t<meta name=\"twitter:data1\" content=\"britbomber\" \/>\n\t<meta name=\"twitter:label2\" content=\"Tiempo de lectura\" \/>\n\t<meta name=\"twitter:data2\" content=\"1 minuto\" \/>\n<script type=\"application\/ld+json\" class=\"yoast-schema-graph\">{\"@context\":\"https:\\\/\\\/schema.org\",\"@graph\":[{\"@type\":\"NewsArticle\",\"@id\":\"https:\\\/\\\/www.exitmusic.com.ar\\\/news\\\/2018\\\/06\\\/16\\\/sonar-festival-barcelona-thom-nigel\\\/#article\",\"isPartOf\":{\"@id\":\"https:\\\/\\\/www.exitmusic.com.ar\\\/news\\\/2018\\\/06\\\/16\\\/sonar-festival-barcelona-thom-nigel\\\/\"},\"author\":{\"name\":\"britbomber\",\"@id\":\"https:\\\/\\\/www.exitmusic.com.ar\\\/news\\\/#\\\/schema\\\/person\\\/5b17484c1a134bd78759c85b056b2e9a\"},\"headline\":\"S\u00f3nar Festival, Barcelona [Thom &#038; Nigel]\",\"datePublished\":\"2018-06-17T01:10:16+00:00\",\"dateModified\":\"2019-11-08T18:39:42+00:00\",\"mainEntityOfPage\":{\"@id\":\"https:\\\/\\\/www.exitmusic.com.ar\\\/news\\\/2018\\\/06\\\/16\\\/sonar-festival-barcelona-thom-nigel\\\/\"},\"wordCount\":110,\"commentCount\":0,\"image\":{\"@id\":\"https:\\\/\\\/www.exitmusic.com.ar\\\/news\\\/2018\\\/06\\\/16\\\/sonar-festival-barcelona-thom-nigel\\\/#primaryimage\"},\"thumbnailUrl\":\"https:\\\/\\\/farm2.staticflickr.com\\\/1770\\\/29033230078_4a04940630.jpg\",\"keywords\":[\"nigel godrich\",\"tarik barri\",\"thom yorke\"],\"articleSection\":[\"Noticias\",\"Thom Yorke\"],\"inLanguage\":\"es\",\"potentialAction\":[{\"@type\":\"CommentAction\",\"name\":\"Comment\",\"target\":[\"https:\\\/\\\/www.exitmusic.com.ar\\\/news\\\/2018\\\/06\\\/16\\\/sonar-festival-barcelona-thom-nigel\\\/#respond\"]}]},{\"@type\":\"WebPage\",\"@id\":\"https:\\\/\\\/www.exitmusic.com.ar\\\/news\\\/2018\\\/06\\\/16\\\/sonar-festival-barcelona-thom-nigel\\\/\",\"url\":\"https:\\\/\\\/www.exitmusic.com.ar\\\/news\\\/2018\\\/06\\\/16\\\/sonar-festival-barcelona-thom-nigel\\\/\",\"name\":\"S\u00f3nar Festival, Barcelona [Thom & Nigel] &#8211; ExitMusicAr | Radiohead Argentina - \u00faltimas noticias\",\"isPartOf\":{\"@id\":\"https:\\\/\\\/www.exitmusic.com.ar\\\/news\\\/#website\"},\"primaryImageOfPage\":{\"@id\":\"https:\\\/\\\/www.exitmusic.com.ar\\\/news\\\/2018\\\/06\\\/16\\\/sonar-festival-barcelona-thom-nigel\\\/#primaryimage\"},\"image\":{\"@id\":\"https:\\\/\\\/www.exitmusic.com.ar\\\/news\\\/2018\\\/06\\\/16\\\/sonar-festival-barcelona-thom-nigel\\\/#primaryimage\"},\"thumbnailUrl\":\"https:\\\/\\\/farm2.staticflickr.com\\\/1770\\\/29033230078_4a04940630.jpg\",\"datePublished\":\"2018-06-17T01:10:16+00:00\",\"dateModified\":\"2019-11-08T18:39:42+00:00\",\"author\":{\"@id\":\"https:\\\/\\\/www.exitmusic.com.ar\\\/news\\\/#\\\/schema\\\/person\\\/5b17484c1a134bd78759c85b056b2e9a\"},\"description\":\"Thom Yorke y Nigel Godrich cerraron su gira europea hoy en la vigesimoquinta edici\u00f3n del festival Sonar de Barcelona.\",\"breadcrumb\":{\"@id\":\"https:\\\/\\\/www.exitmusic.com.ar\\\/news\\\/2018\\\/06\\\/16\\\/sonar-festival-barcelona-thom-nigel\\\/#breadcrumb\"},\"inLanguage\":\"es\",\"potentialAction\":[{\"@type\":\"ReadAction\",\"target\":[\"https:\\\/\\\/www.exitmusic.com.ar\\\/news\\\/2018\\\/06\\\/16\\\/sonar-festival-barcelona-thom-nigel\\\/\"]}]},{\"@type\":\"ImageObject\",\"inLanguage\":\"es\",\"@id\":\"https:\\\/\\\/www.exitmusic.com.ar\\\/news\\\/2018\\\/06\\\/16\\\/sonar-festival-barcelona-thom-nigel\\\/#primaryimage\",\"url\":\"https:\\\/\\\/farm2.staticflickr.com\\\/1770\\\/29033230078_4a04940630.jpg\",\"contentUrl\":\"https:\\\/\\\/farm2.staticflickr.com\\\/1770\\\/29033230078_4a04940630.jpg\"},{\"@type\":\"BreadcrumbList\",\"@id\":\"https:\\\/\\\/www.exitmusic.com.ar\\\/news\\\/2018\\\/06\\\/16\\\/sonar-festival-barcelona-thom-nigel\\\/#breadcrumb\",\"itemListElement\":[{\"@type\":\"ListItem\",\"position\":1,\"name\":\"Inicio\",\"item\":\"https:\\\/\\\/www.exitmusic.com.ar\\\/news\\\/\"},{\"@type\":\"ListItem\",\"position\":2,\"name\":\"Noticias\",\"item\":\"https:\\\/\\\/www.exitmusic.com.ar\\\/news\\\/secciones\\\/noticias\\\/\"},{\"@type\":\"ListItem\",\"position\":3,\"name\":\"Thom Yorke\",\"item\":\"https:\\\/\\\/www.exitmusic.com.ar\\\/news\\\/secciones\\\/noticias\\\/thom-yorke\\\/\"},{\"@type\":\"ListItem\",\"position\":4,\"name\":\"S\u00f3nar Festival, Barcelona [Thom &#038; Nigel]\"}]},{\"@type\":\"WebSite\",\"@id\":\"https:\\\/\\\/www.exitmusic.com.ar\\\/news\\\/#website\",\"url\":\"https:\\\/\\\/www.exitmusic.com.ar\\\/news\\\/\",\"name\":\"ExitMusicAr | Radiohead Argentina\",\"description\":\"Noticias e informaci\u00f3n sobre Radiohead, EOB, Philip Selway, Jonny Greenwood, Thom Yorke, Atoms for Peace y The Smile\",\"potentialAction\":[{\"@type\":\"SearchAction\",\"target\":{\"@type\":\"EntryPoint\",\"urlTemplate\":\"https:\\\/\\\/www.exitmusic.com.ar\\\/news\\\/?s={search_term_string}\"},\"query-input\":{\"@type\":\"PropertyValueSpecification\",\"valueRequired\":true,\"valueName\":\"search_term_string\"}}],\"inLanguage\":\"es\"},{\"@type\":\"Person\",\"@id\":\"https:\\\/\\\/www.exitmusic.com.ar\\\/news\\\/#\\\/schema\\\/person\\\/5b17484c1a134bd78759c85b056b2e9a\",\"name\":\"britbomber\",\"image\":{\"@type\":\"ImageObject\",\"inLanguage\":\"es\",\"@id\":\"https:\\\/\\\/secure.gravatar.com\\\/avatar\\\/7aa60245619700190832ac995e42108bfadba25baafc3bf5bb91e97db0e7a0bd?s=96&d=identicon&r=r\",\"url\":\"https:\\\/\\\/secure.gravatar.com\\\/avatar\\\/7aa60245619700190832ac995e42108bfadba25baafc3bf5bb91e97db0e7a0bd?s=96&d=identicon&r=r\",\"contentUrl\":\"https:\\\/\\\/secure.gravatar.com\\\/avatar\\\/7aa60245619700190832ac995e42108bfadba25baafc3bf5bb91e97db0e7a0bd?s=96&d=identicon&r=r\",\"caption\":\"britbomber\"}}]}<\/script>\n<!-- \/ Yoast SEO plugin. -->","yoast_head_json":{"title":"S\u00f3nar Festival, Barcelona [Thom & Nigel] &#8211; ExitMusicAr | Radiohead Argentina - \u00faltimas noticias","description":"Thom Yorke y Nigel Godrich cerraron su gira europea hoy en la vigesimoquinta edici\u00f3n del festival Sonar de Barcelona.","robots":{"index":"index","follow":"follow","max-snippet":"max-snippet:-1","max-image-preview":"max-image-preview:large","max-video-preview":"max-video-preview:-1"},"canonical":"https:\/\/www.exitmusic.com.ar\/news\/2018\/06\/16\/sonar-festival-barcelona-thom-nigel\/","og_locale":"es_ES","og_type":"article","og_title":"S\u00f3nar Festival, Barcelona [Thom & Nigel] &#8211; ExitMusicAr | Radiohead Argentina - \u00faltimas noticias","og_description":"Thom Yorke y Nigel Godrich cerraron su gira europea hoy en la vigesimoquinta edici\u00f3n del festival Sonar de Barcelona.","og_url":"https:\/\/www.exitmusic.com.ar\/news\/2018\/06\/16\/sonar-festival-barcelona-thom-nigel\/","og_site_name":"ExitMusicAr | Radiohead Argentina - \u00faltimas noticias","article_publisher":"https:\/\/www.facebook.com\/ExitMusicAr","article_published_time":"2018-06-17T01:10:16+00:00","article_modified_time":"2019-11-08T18:39:42+00:00","og_image":[{"url":"https:\/\/farm2.staticflickr.com\/1770\/29033230078_4a04940630.jpg","type":"","width":"","height":""}],"author":"britbomber","twitter_card":"summary_large_image","twitter_creator":"@ExitMusicAr","twitter_site":"@ExitMusicAr","twitter_misc":{"Escrito por":"britbomber","Tiempo de lectura":"1 minuto"},"schema":{"@context":"https:\/\/schema.org","@graph":[{"@type":"NewsArticle","@id":"https:\/\/www.exitmusic.com.ar\/news\/2018\/06\/16\/sonar-festival-barcelona-thom-nigel\/#article","isPartOf":{"@id":"https:\/\/www.exitmusic.com.ar\/news\/2018\/06\/16\/sonar-festival-barcelona-thom-nigel\/"},"author":{"name":"britbomber","@id":"https:\/\/www.exitmusic.com.ar\/news\/#\/schema\/person\/5b17484c1a134bd78759c85b056b2e9a"},"headline":"S\u00f3nar Festival, Barcelona [Thom &#038; Nigel]","datePublished":"2018-06-17T01:10:16+00:00","dateModified":"2019-11-08T18:39:42+00:00","mainEntityOfPage":{"@id":"https:\/\/www.exitmusic.com.ar\/news\/2018\/06\/16\/sonar-festival-barcelona-thom-nigel\/"},"wordCount":110,"commentCount":0,"image":{"@id":"https:\/\/www.exitmusic.com.ar\/news\/2018\/06\/16\/sonar-festival-barcelona-thom-nigel\/#primaryimage"},"thumbnailUrl":"https:\/\/farm2.staticflickr.com\/1770\/29033230078_4a04940630.jpg","keywords":["nigel godrich","tarik barri","thom yorke"],"articleSection":["Noticias","Thom Yorke"],"inLanguage":"es","potentialAction":[{"@type":"CommentAction","name":"Comment","target":["https:\/\/www.exitmusic.com.ar\/news\/2018\/06\/16\/sonar-festival-barcelona-thom-nigel\/#respond"]}]},{"@type":"WebPage","@id":"https:\/\/www.exitmusic.com.ar\/news\/2018\/06\/16\/sonar-festival-barcelona-thom-nigel\/","url":"https:\/\/www.exitmusic.com.ar\/news\/2018\/06\/16\/sonar-festival-barcelona-thom-nigel\/","name":"S\u00f3nar Festival, Barcelona [Thom & Nigel] &#8211; ExitMusicAr | Radiohead Argentina - \u00faltimas noticias","isPartOf":{"@id":"https:\/\/www.exitmusic.com.ar\/news\/#website"},"primaryImageOfPage":{"@id":"https:\/\/www.exitmusic.com.ar\/news\/2018\/06\/16\/sonar-festival-barcelona-thom-nigel\/#primaryimage"},"image":{"@id":"https:\/\/www.exitmusic.com.ar\/news\/2018\/06\/16\/sonar-festival-barcelona-thom-nigel\/#primaryimage"},"thumbnailUrl":"https:\/\/farm2.staticflickr.com\/1770\/29033230078_4a04940630.jpg","datePublished":"2018-06-17T01:10:16+00:00","dateModified":"2019-11-08T18:39:42+00:00","author":{"@id":"https:\/\/www.exitmusic.com.ar\/news\/#\/schema\/person\/5b17484c1a134bd78759c85b056b2e9a"},"description":"Thom Yorke y Nigel Godrich cerraron su gira europea hoy en la vigesimoquinta edici\u00f3n del festival Sonar de Barcelona.","breadcrumb":{"@id":"https:\/\/www.exitmusic.com.ar\/news\/2018\/06\/16\/sonar-festival-barcelona-thom-nigel\/#breadcrumb"},"inLanguage":"es","potentialAction":[{"@type":"ReadAction","target":["https:\/\/www.exitmusic.com.ar\/news\/2018\/06\/16\/sonar-festival-barcelona-thom-nigel\/"]}]},{"@type":"ImageObject","inLanguage":"es","@id":"https:\/\/www.exitmusic.com.ar\/news\/2018\/06\/16\/sonar-festival-barcelona-thom-nigel\/#primaryimage","url":"https:\/\/farm2.staticflickr.com\/1770\/29033230078_4a04940630.jpg","contentUrl":"https:\/\/farm2.staticflickr.com\/1770\/29033230078_4a04940630.jpg"},{"@type":"BreadcrumbList","@id":"https:\/\/www.exitmusic.com.ar\/news\/2018\/06\/16\/sonar-festival-barcelona-thom-nigel\/#breadcrumb","itemListElement":[{"@type":"ListItem","position":1,"name":"Inicio","item":"https:\/\/www.exitmusic.com.ar\/news\/"},{"@type":"ListItem","position":2,"name":"Noticias","item":"https:\/\/www.exitmusic.com.ar\/news\/secciones\/noticias\/"},{"@type":"ListItem","position":3,"name":"Thom Yorke","item":"https:\/\/www.exitmusic.com.ar\/news\/secciones\/noticias\/thom-yorke\/"},{"@type":"ListItem","position":4,"name":"S\u00f3nar Festival, Barcelona [Thom &#038; Nigel]"}]},{"@type":"WebSite","@id":"https:\/\/www.exitmusic.com.ar\/news\/#website","url":"https:\/\/www.exitmusic.com.ar\/news\/","name":"ExitMusicAr | Radiohead Argentina","description":"Noticias e informaci\u00f3n sobre Radiohead, EOB, Philip Selway, Jonny Greenwood, Thom Yorke, Atoms for Peace y The Smile","potentialAction":[{"@type":"SearchAction","target":{"@type":"EntryPoint","urlTemplate":"https:\/\/www.exitmusic.com.ar\/news\/?s={search_term_string}"},"query-input":{"@type":"PropertyValueSpecification","valueRequired":true,"valueName":"search_term_string"}}],"inLanguage":"es"},{"@type":"Person","@id":"https:\/\/www.exitmusic.com.ar\/news\/#\/schema\/person\/5b17484c1a134bd78759c85b056b2e9a","name":"britbomber","image":{"@type":"ImageObject","inLanguage":"es","@id":"https:\/\/secure.gravatar.com\/avatar\/7aa60245619700190832ac995e42108bfadba25baafc3bf5bb91e97db0e7a0bd?s=96&d=identicon&r=r","url":"https:\/\/secure.gravatar.com\/avatar\/7aa60245619700190832ac995e42108bfadba25baafc3bf5bb91e97db0e7a0bd?s=96&d=identicon&r=r","contentUrl":"https:\/\/secure.gravatar.com\/avatar\/7aa60245619700190832ac995e42108bfadba25baafc3bf5bb91e97db0e7a0bd?s=96&d=identicon&r=r","caption":"britbomber"}}]}},"amp_enabled":true,"_links":{"self":[{"href":"https:\/\/www.exitmusic.com.ar\/news\/wp-json\/wp\/v2\/posts\/10242","targetHints":{"allow":["GET"]}}],"collection":[{"href":"https:\/\/www.exitmusic.com.ar\/news\/wp-json\/wp\/v2\/posts"}],"about":[{"href":"https:\/\/www.exitmusic.com.ar\/news\/wp-json\/wp\/v2\/types\/post"}],"author":[{"embeddable":true,"href":"https:\/\/www.exitmusic.com.ar\/news\/wp-json\/wp\/v2\/users\/2"}],"replies":[{"embeddable":true,"href":"https:\/\/www.exitmusic.com.ar\/news\/wp-json\/wp\/v2\/comments?post=10242"}],"version-history":[{"count":0,"href":"https:\/\/www.exitmusic.com.ar\/news\/wp-json\/wp\/v2\/posts\/10242\/revisions"}],"wp:attachment":[{"href":"https:\/\/www.exitmusic.com.ar\/news\/wp-json\/wp\/v2\/media?parent=10242"}],"wp:term":[{"taxonomy":"category","embeddable":true,"href":"https:\/\/www.exitmusic.com.ar\/news\/wp-json\/wp\/v2\/categories?post=10242"},{"taxonomy":"post_tag","embeddable":true,"href":"https:\/\/www.exitmusic.com.ar\/news\/wp-json\/wp\/v2\/tags?post=10242"}],"curies":[{"name":"wp","href":"https:\/\/api.w.org\/{rel}","templated":true}]}}