{"id":11169,"date":"2019-07-08T18:30:00","date_gmt":"2019-07-08T21:30:00","guid":{"rendered":"http:\/\/www.exitmusic.com.ar\/news\/?p=11169"},"modified":"2019-12-07T09:30:50","modified_gmt":"2019-12-07T12:30:50","slug":"days-off-festival-paris-dia-2-thom-yorke","status":"publish","type":"post","link":"https:\/\/www.exitmusic.com.ar\/news\/2019\/07\/08\/days-off-festival-paris-dia-2-thom-yorke\/","title":{"rendered":"Days Off Festival, Par\u00eds (d\u00eda 2) [Thom Yorke]"},"content":{"rendered":"<p>La gira promocional de <em><a href=\"https:\/\/www.exitmusic.com.ar\/discografia\/anima\/\">Anima<\/a><\/em> sigui\u00f3 hoy en Par\u00eds, con el segundo show en el Philharmonie de Paris, en el marco del festival <em>Days Off<\/em>.<br>El m\u00fasico italiano Andrea Belfi abri\u00f3 el show nuevamente.<\/p>\n\n\n\n<p>Setlist<\/p>\n\n\n\n<ol class=\"wp-block-list\"><li>Impossible Knots<\/li><li>Black Swan<\/li><li>Harrowdown Hill<\/li><li>Pink Section \/ Nose Grows Some<\/li><li>I am a Very Rude Person<\/li><li>Runwayaway<\/li><li> Two Feet off the Ground <\/li><li>The Clock<\/li><li>Dawn Chorus<\/li><li>Has Ended<\/li><li>Amok<\/li><li>Not the News<\/li><li>Truth Ray<\/li><li>Traffic<\/li><li>Twist<br>&#8212;<\/li><li>Brain in a Bottle<\/li><li>Cymbal Rush<\/li><li>Default <\/li><li>Atoms for Peace<br>&#8212;<\/li><li>Suspirium<\/li><\/ol>\n\n\n\n<figure class=\"wp-block-embed-instagram wp-block-embed is-type-rich is-provider-instagram\"><div class=\"wp-block-embed__wrapper\">\nhttps:\/\/www.instagram.com\/p\/Bzq6lX6IVh1\/\n<\/div><\/figure>\n\n\n\n<figure class=\"wp-block-embed-youtube wp-block-embed is-type-video is-provider-youtube wp-embed-aspect-16-9 wp-has-aspect-ratio\"><div class=\"wp-block-embed__wrapper\">\n<iframe loading=\"lazy\" title=\"Thom YORKE - Not the News, Live @ Days Off, La Philarmonie\" width=\"840\" height=\"473\" src=\"https:\/\/www.youtube.com\/embed\/Qabgmqz5pcQ?feature=oembed\" frameborder=\"0\" allow=\"accelerometer; autoplay; clipboard-write; encrypted-media; gyroscope; picture-in-picture\" allowfullscreen><\/iframe>\n<\/div><\/figure>\n\n\n\n<figure class=\"wp-block-embed-instagram wp-block-embed is-type-rich is-provider-instagram\"><div class=\"wp-block-embed__wrapper\">\nhttps:\/\/www.instagram.com\/p\/BzqtR1gI8xb\/\n<\/div><\/figure>\n\n\n\n<figure class=\"wp-block-embed-youtube wp-block-embed is-type-video is-provider-youtube wp-embed-aspect-16-9 wp-has-aspect-ratio\"><div class=\"wp-block-embed__wrapper\">\n<iframe loading=\"lazy\" title=\"Thom YORKE- Nose Grows Some, Live @ Days Off, La Philarmonie\" width=\"840\" height=\"473\" src=\"https:\/\/www.youtube.com\/embed\/4P-FWwbaXCs?feature=oembed\" frameborder=\"0\" allow=\"accelerometer; autoplay; clipboard-write; encrypted-media; gyroscope; picture-in-picture\" allowfullscreen><\/iframe>\n<\/div><\/figure>\n\n\n\n<figure class=\"wp-block-embed-youtube wp-block-embed is-type-video is-provider-youtube wp-embed-aspect-16-9 wp-has-aspect-ratio\"><div class=\"wp-block-embed__wrapper\">\n<iframe loading=\"lazy\" title=\"Thom Yorke - (Ladies and Gentlemen Thank You for Coming) (Anima) Live Paris 20190708 213404\" width=\"840\" height=\"473\" src=\"https:\/\/www.youtube.com\/embed\/q-zHz6zP9qk?feature=oembed\" frameborder=\"0\" allow=\"accelerometer; autoplay; clipboard-write; encrypted-media; gyroscope; picture-in-picture\" allowfullscreen><\/iframe>\n<\/div><\/figure>\n\n\n\n<figure class=\"wp-block-embed-twitter wp-block-embed is-type-rich is-provider-twitter\"><div class=\"wp-block-embed__wrapper\">\n<blockquote class=\"twitter-tweet\" data-width=\"550\" data-dnt=\"true\"><p lang=\"en\" dir=\"ltr\">Philarmonie de Paris. Waiting for Thom Yorke<a href=\"https:\/\/twitter.com\/hashtag\/ThomYorke?src=hash&amp;ref_src=twsrc%5Etfw\">#ThomYorke<\/a> <a href=\"https:\/\/twitter.com\/hashtag\/Paris?src=hash&amp;ref_src=twsrc%5Etfw\">#Paris<\/a> <a href=\"https:\/\/t.co\/2XIzOHpdcA\">pic.twitter.com\/2XIzOHpdcA<\/a><\/p>&mdash; Big Golden (@Big_Goldenn) <a href=\"https:\/\/twitter.com\/Big_Goldenn\/status\/1148286702684987393?ref_src=twsrc%5Etfw\">July 8, 2019<\/a><\/blockquote><script async src=\"https:\/\/platform.twitter.com\/widgets.js\" charset=\"utf-8\"><\/script>\n<\/div><\/figure>\n\n\n\n<figure class=\"wp-block-embed-youtube wp-block-embed is-type-video is-provider-youtube wp-embed-aspect-16-9 wp-has-aspect-ratio\"><div class=\"wp-block-embed__wrapper\">\n<iframe loading=\"lazy\" title=\"Thom Yorke - Cymbal Rush Live Philharmonie Paris 20190708 223508\" width=\"840\" height=\"473\" src=\"https:\/\/www.youtube.com\/embed\/e0RoDhr4Nkg?feature=oembed\" frameborder=\"0\" allow=\"accelerometer; autoplay; clipboard-write; encrypted-media; gyroscope; picture-in-picture\" allowfullscreen><\/iframe>\n<\/div><\/figure>\n\n\n\n<figure class=\"wp-block-embed-instagram wp-block-embed is-type-rich is-provider-instagram\"><div class=\"wp-block-embed__wrapper\">\nhttps:\/\/www.instagram.com\/p\/BzqueUAgFHr\/\n<\/div><\/figure>\n\n\n\n<figure class=\"wp-block-embed-youtube wp-block-embed is-type-video is-provider-youtube wp-embed-aspect-16-9 wp-has-aspect-ratio\"><div class=\"wp-block-embed__wrapper\">\n<iframe loading=\"lazy\" title=\"Thom Yorke - Suspirium - Live\" width=\"840\" height=\"473\" src=\"https:\/\/www.youtube.com\/embed\/ABuPcXj5VUE?feature=oembed\" frameborder=\"0\" allow=\"accelerometer; autoplay; clipboard-write; encrypted-media; gyroscope; picture-in-picture\" allowfullscreen><\/iframe>\n<\/div><\/figure>","protected":false},"excerpt":{"rendered":"<p>La gira promocional de Anima sigui\u00f3 hoy en Par\u00eds, con el segundo show en el Philharmonie de Paris, en el marco del festival Days Off.El m\u00fasico italiano Andrea Belfi abri\u00f3 el show nuevamente. Setlist Impossible&hellip; <a href=\"https:\/\/www.exitmusic.com.ar\/news\/2019\/07\/08\/days-off-festival-paris-dia-2-thom-yorke\/\" class=\"morelink\"> m\u00e1s \u00bb<\/a><\/p>","protected":false},"author":2,"featured_media":11170,"comment_status":"open","ping_status":"open","sticky":false,"template":"","format":"standard","meta":{"footnotes":""},"categories":[1,1380],"tags":[1178,1171,1176,1372],"class_list":["post-11169","post","type-post","status-publish","format-standard","has-post-thumbnail","hentry","category-noticias","category-thom-yorke","tag-nigel-godrich","tag-tarik-barri","tag-thom-yorke","tag-tour-anima"],"yoast_head":"<!-- This site is optimized with the Yoast SEO plugin v27.5 - https:\/\/yoast.com\/product\/yoast-seo-wordpress\/ -->\n<title>Days Off Festival, Par\u00eds (d\u00eda 2) [Thom Yorke] &#8211; ExitMusicAr | Radiohead Argentina - \u00faltimas noticias<\/title>\n<meta name=\"description\" content=\"La gira promocional de Anima sigui\u00f3 hoy en Par\u00eds, con el segundo show en el Philharmonie de Paris, en el marco del Days Off Festival.\" \/>\n<meta name=\"robots\" content=\"index, follow, max-snippet:-1, max-image-preview:large, max-video-preview:-1\" \/>\n<link rel=\"canonical\" href=\"https:\/\/www.exitmusic.com.ar\/news\/2019\/07\/08\/days-off-festival-paris-dia-2-thom-yorke\/\" \/>\n<meta property=\"og:locale\" content=\"es_ES\" \/>\n<meta property=\"og:type\" content=\"article\" \/>\n<meta property=\"og:title\" content=\"Days Off Festival, Par\u00eds (d\u00eda 2) [Thom Yorke] &#8211; ExitMusicAr | Radiohead Argentina - \u00faltimas noticias\" \/>\n<meta property=\"og:description\" content=\"La gira promocional de Anima sigui\u00f3 hoy en Par\u00eds, con el segundo show en el Philharmonie de Paris, en el marco del Days Off Festival.\" \/>\n<meta property=\"og:url\" content=\"https:\/\/www.exitmusic.com.ar\/news\/2019\/07\/08\/days-off-festival-paris-dia-2-thom-yorke\/\" \/>\n<meta property=\"og:site_name\" content=\"ExitMusicAr | Radiohead Argentina - \u00faltimas noticias\" \/>\n<meta property=\"article:publisher\" content=\"https:\/\/www.facebook.com\/ExitMusicAr\" \/>\n<meta property=\"article:published_time\" content=\"2019-07-08T21:30:00+00:00\" \/>\n<meta property=\"article:modified_time\" content=\"2019-12-07T12:30:50+00:00\" \/>\n<meta property=\"og:image\" content=\"https:\/\/www.exitmusic.com.ar\/news\/wp-content\/uploads\/2019\/07\/camila.chakirova.jpg\" \/>\n\t<meta property=\"og:image:width\" content=\"640\" \/>\n\t<meta property=\"og:image:height\" content=\"480\" \/>\n\t<meta property=\"og:image:type\" content=\"image\/jpeg\" \/>\n<meta name=\"author\" content=\"britbomber\" \/>\n<meta name=\"twitter:card\" content=\"summary_large_image\" \/>\n<meta name=\"twitter:creator\" content=\"@ExitMusicAr\" \/>\n<meta name=\"twitter:site\" content=\"@ExitMusicAr\" \/>\n<meta name=\"twitter:label1\" content=\"Escrito por\" \/>\n\t<meta name=\"twitter:data1\" content=\"britbomber\" \/>\n\t<meta name=\"twitter:label2\" content=\"Tiempo de lectura\" \/>\n\t<meta name=\"twitter:data2\" content=\"1 minuto\" \/>\n<script type=\"application\/ld+json\" class=\"yoast-schema-graph\">{\"@context\":\"https:\\\/\\\/schema.org\",\"@graph\":[{\"@type\":\"NewsArticle\",\"@id\":\"https:\\\/\\\/www.exitmusic.com.ar\\\/news\\\/2019\\\/07\\\/08\\\/days-off-festival-paris-dia-2-thom-yorke\\\/#article\",\"isPartOf\":{\"@id\":\"https:\\\/\\\/www.exitmusic.com.ar\\\/news\\\/2019\\\/07\\\/08\\\/days-off-festival-paris-dia-2-thom-yorke\\\/\"},\"author\":{\"name\":\"britbomber\",\"@id\":\"https:\\\/\\\/www.exitmusic.com.ar\\\/news\\\/#\\\/schema\\\/person\\\/5b17484c1a134bd78759c85b056b2e9a\"},\"headline\":\"Days Off Festival, Par\u00eds (d\u00eda 2) [Thom Yorke]\",\"datePublished\":\"2019-07-08T21:30:00+00:00\",\"dateModified\":\"2019-12-07T12:30:50+00:00\",\"mainEntityOfPage\":{\"@id\":\"https:\\\/\\\/www.exitmusic.com.ar\\\/news\\\/2019\\\/07\\\/08\\\/days-off-festival-paris-dia-2-thom-yorke\\\/\"},\"wordCount\":163,\"commentCount\":0,\"image\":{\"@id\":\"https:\\\/\\\/www.exitmusic.com.ar\\\/news\\\/2019\\\/07\\\/08\\\/days-off-festival-paris-dia-2-thom-yorke\\\/#primaryimage\"},\"thumbnailUrl\":\"https:\\\/\\\/www.exitmusic.com.ar\\\/news\\\/wp-content\\\/uploads\\\/2019\\\/07\\\/camila.chakirova.jpg\",\"keywords\":[\"nigel godrich\",\"tarik barri\",\"thom yorke\",\"tour anima\"],\"articleSection\":[\"Noticias\",\"Thom Yorke\"],\"inLanguage\":\"es\",\"potentialAction\":[{\"@type\":\"CommentAction\",\"name\":\"Comment\",\"target\":[\"https:\\\/\\\/www.exitmusic.com.ar\\\/news\\\/2019\\\/07\\\/08\\\/days-off-festival-paris-dia-2-thom-yorke\\\/#respond\"]}]},{\"@type\":\"WebPage\",\"@id\":\"https:\\\/\\\/www.exitmusic.com.ar\\\/news\\\/2019\\\/07\\\/08\\\/days-off-festival-paris-dia-2-thom-yorke\\\/\",\"url\":\"https:\\\/\\\/www.exitmusic.com.ar\\\/news\\\/2019\\\/07\\\/08\\\/days-off-festival-paris-dia-2-thom-yorke\\\/\",\"name\":\"Days Off Festival, Par\u00eds (d\u00eda 2) [Thom Yorke] &#8211; ExitMusicAr | Radiohead Argentina - \u00faltimas noticias\",\"isPartOf\":{\"@id\":\"https:\\\/\\\/www.exitmusic.com.ar\\\/news\\\/#website\"},\"primaryImageOfPage\":{\"@id\":\"https:\\\/\\\/www.exitmusic.com.ar\\\/news\\\/2019\\\/07\\\/08\\\/days-off-festival-paris-dia-2-thom-yorke\\\/#primaryimage\"},\"image\":{\"@id\":\"https:\\\/\\\/www.exitmusic.com.ar\\\/news\\\/2019\\\/07\\\/08\\\/days-off-festival-paris-dia-2-thom-yorke\\\/#primaryimage\"},\"thumbnailUrl\":\"https:\\\/\\\/www.exitmusic.com.ar\\\/news\\\/wp-content\\\/uploads\\\/2019\\\/07\\\/camila.chakirova.jpg\",\"datePublished\":\"2019-07-08T21:30:00+00:00\",\"dateModified\":\"2019-12-07T12:30:50+00:00\",\"author\":{\"@id\":\"https:\\\/\\\/www.exitmusic.com.ar\\\/news\\\/#\\\/schema\\\/person\\\/5b17484c1a134bd78759c85b056b2e9a\"},\"description\":\"La gira promocional de Anima sigui\u00f3 hoy en Par\u00eds, con el segundo show en el Philharmonie de Paris, en el marco del Days Off Festival.\",\"breadcrumb\":{\"@id\":\"https:\\\/\\\/www.exitmusic.com.ar\\\/news\\\/2019\\\/07\\\/08\\\/days-off-festival-paris-dia-2-thom-yorke\\\/#breadcrumb\"},\"inLanguage\":\"es\",\"potentialAction\":[{\"@type\":\"ReadAction\",\"target\":[\"https:\\\/\\\/www.exitmusic.com.ar\\\/news\\\/2019\\\/07\\\/08\\\/days-off-festival-paris-dia-2-thom-yorke\\\/\"]}]},{\"@type\":\"ImageObject\",\"inLanguage\":\"es\",\"@id\":\"https:\\\/\\\/www.exitmusic.com.ar\\\/news\\\/2019\\\/07\\\/08\\\/days-off-festival-paris-dia-2-thom-yorke\\\/#primaryimage\",\"url\":\"https:\\\/\\\/www.exitmusic.com.ar\\\/news\\\/wp-content\\\/uploads\\\/2019\\\/07\\\/camila.chakirova.jpg\",\"contentUrl\":\"https:\\\/\\\/www.exitmusic.com.ar\\\/news\\\/wp-content\\\/uploads\\\/2019\\\/07\\\/camila.chakirova.jpg\",\"width\":640,\"height\":480,\"caption\":\"camila.chakirova @ instagram\"},{\"@type\":\"BreadcrumbList\",\"@id\":\"https:\\\/\\\/www.exitmusic.com.ar\\\/news\\\/2019\\\/07\\\/08\\\/days-off-festival-paris-dia-2-thom-yorke\\\/#breadcrumb\",\"itemListElement\":[{\"@type\":\"ListItem\",\"position\":1,\"name\":\"Inicio\",\"item\":\"https:\\\/\\\/www.exitmusic.com.ar\\\/news\\\/\"},{\"@type\":\"ListItem\",\"position\":2,\"name\":\"Noticias\",\"item\":\"https:\\\/\\\/www.exitmusic.com.ar\\\/news\\\/secciones\\\/noticias\\\/\"},{\"@type\":\"ListItem\",\"position\":3,\"name\":\"Thom Yorke\",\"item\":\"https:\\\/\\\/www.exitmusic.com.ar\\\/news\\\/secciones\\\/noticias\\\/thom-yorke\\\/\"},{\"@type\":\"ListItem\",\"position\":4,\"name\":\"Days Off Festival, Par\u00eds (d\u00eda 2) [Thom Yorke]\"}]},{\"@type\":\"WebSite\",\"@id\":\"https:\\\/\\\/www.exitmusic.com.ar\\\/news\\\/#website\",\"url\":\"https:\\\/\\\/www.exitmusic.com.ar\\\/news\\\/\",\"name\":\"ExitMusicAr | Radiohead Argentina\",\"description\":\"Noticias e informaci\u00f3n sobre Radiohead, EOB, Philip Selway, Jonny Greenwood, Thom Yorke, Atoms for Peace y The Smile\",\"potentialAction\":[{\"@type\":\"SearchAction\",\"target\":{\"@type\":\"EntryPoint\",\"urlTemplate\":\"https:\\\/\\\/www.exitmusic.com.ar\\\/news\\\/?s={search_term_string}\"},\"query-input\":{\"@type\":\"PropertyValueSpecification\",\"valueRequired\":true,\"valueName\":\"search_term_string\"}}],\"inLanguage\":\"es\"},{\"@type\":\"Person\",\"@id\":\"https:\\\/\\\/www.exitmusic.com.ar\\\/news\\\/#\\\/schema\\\/person\\\/5b17484c1a134bd78759c85b056b2e9a\",\"name\":\"britbomber\",\"image\":{\"@type\":\"ImageObject\",\"inLanguage\":\"es\",\"@id\":\"https:\\\/\\\/secure.gravatar.com\\\/avatar\\\/7aa60245619700190832ac995e42108bfadba25baafc3bf5bb91e97db0e7a0bd?s=96&d=identicon&r=r\",\"url\":\"https:\\\/\\\/secure.gravatar.com\\\/avatar\\\/7aa60245619700190832ac995e42108bfadba25baafc3bf5bb91e97db0e7a0bd?s=96&d=identicon&r=r\",\"contentUrl\":\"https:\\\/\\\/secure.gravatar.com\\\/avatar\\\/7aa60245619700190832ac995e42108bfadba25baafc3bf5bb91e97db0e7a0bd?s=96&d=identicon&r=r\",\"caption\":\"britbomber\"}}]}<\/script>\n<!-- \/ Yoast SEO plugin. -->","yoast_head_json":{"title":"Days Off Festival, Par\u00eds (d\u00eda 2) [Thom Yorke] &#8211; ExitMusicAr | Radiohead Argentina - \u00faltimas noticias","description":"La gira promocional de Anima sigui\u00f3 hoy en Par\u00eds, con el segundo show en el Philharmonie de Paris, en el marco del Days Off Festival.","robots":{"index":"index","follow":"follow","max-snippet":"max-snippet:-1","max-image-preview":"max-image-preview:large","max-video-preview":"max-video-preview:-1"},"canonical":"https:\/\/www.exitmusic.com.ar\/news\/2019\/07\/08\/days-off-festival-paris-dia-2-thom-yorke\/","og_locale":"es_ES","og_type":"article","og_title":"Days Off Festival, Par\u00eds (d\u00eda 2) [Thom Yorke] &#8211; ExitMusicAr | Radiohead Argentina - \u00faltimas noticias","og_description":"La gira promocional de Anima sigui\u00f3 hoy en Par\u00eds, con el segundo show en el Philharmonie de Paris, en el marco del Days Off Festival.","og_url":"https:\/\/www.exitmusic.com.ar\/news\/2019\/07\/08\/days-off-festival-paris-dia-2-thom-yorke\/","og_site_name":"ExitMusicAr | Radiohead Argentina - \u00faltimas noticias","article_publisher":"https:\/\/www.facebook.com\/ExitMusicAr","article_published_time":"2019-07-08T21:30:00+00:00","article_modified_time":"2019-12-07T12:30:50+00:00","og_image":[{"width":640,"height":480,"url":"https:\/\/www.exitmusic.com.ar\/news\/wp-content\/uploads\/2019\/07\/camila.chakirova.jpg","type":"image\/jpeg"}],"author":"britbomber","twitter_card":"summary_large_image","twitter_creator":"@ExitMusicAr","twitter_site":"@ExitMusicAr","twitter_misc":{"Escrito por":"britbomber","Tiempo de lectura":"1 minuto"},"schema":{"@context":"https:\/\/schema.org","@graph":[{"@type":"NewsArticle","@id":"https:\/\/www.exitmusic.com.ar\/news\/2019\/07\/08\/days-off-festival-paris-dia-2-thom-yorke\/#article","isPartOf":{"@id":"https:\/\/www.exitmusic.com.ar\/news\/2019\/07\/08\/days-off-festival-paris-dia-2-thom-yorke\/"},"author":{"name":"britbomber","@id":"https:\/\/www.exitmusic.com.ar\/news\/#\/schema\/person\/5b17484c1a134bd78759c85b056b2e9a"},"headline":"Days Off Festival, Par\u00eds (d\u00eda 2) [Thom Yorke]","datePublished":"2019-07-08T21:30:00+00:00","dateModified":"2019-12-07T12:30:50+00:00","mainEntityOfPage":{"@id":"https:\/\/www.exitmusic.com.ar\/news\/2019\/07\/08\/days-off-festival-paris-dia-2-thom-yorke\/"},"wordCount":163,"commentCount":0,"image":{"@id":"https:\/\/www.exitmusic.com.ar\/news\/2019\/07\/08\/days-off-festival-paris-dia-2-thom-yorke\/#primaryimage"},"thumbnailUrl":"https:\/\/www.exitmusic.com.ar\/news\/wp-content\/uploads\/2019\/07\/camila.chakirova.jpg","keywords":["nigel godrich","tarik barri","thom yorke","tour anima"],"articleSection":["Noticias","Thom Yorke"],"inLanguage":"es","potentialAction":[{"@type":"CommentAction","name":"Comment","target":["https:\/\/www.exitmusic.com.ar\/news\/2019\/07\/08\/days-off-festival-paris-dia-2-thom-yorke\/#respond"]}]},{"@type":"WebPage","@id":"https:\/\/www.exitmusic.com.ar\/news\/2019\/07\/08\/days-off-festival-paris-dia-2-thom-yorke\/","url":"https:\/\/www.exitmusic.com.ar\/news\/2019\/07\/08\/days-off-festival-paris-dia-2-thom-yorke\/","name":"Days Off Festival, Par\u00eds (d\u00eda 2) [Thom Yorke] &#8211; ExitMusicAr | Radiohead Argentina - \u00faltimas noticias","isPartOf":{"@id":"https:\/\/www.exitmusic.com.ar\/news\/#website"},"primaryImageOfPage":{"@id":"https:\/\/www.exitmusic.com.ar\/news\/2019\/07\/08\/days-off-festival-paris-dia-2-thom-yorke\/#primaryimage"},"image":{"@id":"https:\/\/www.exitmusic.com.ar\/news\/2019\/07\/08\/days-off-festival-paris-dia-2-thom-yorke\/#primaryimage"},"thumbnailUrl":"https:\/\/www.exitmusic.com.ar\/news\/wp-content\/uploads\/2019\/07\/camila.chakirova.jpg","datePublished":"2019-07-08T21:30:00+00:00","dateModified":"2019-12-07T12:30:50+00:00","author":{"@id":"https:\/\/www.exitmusic.com.ar\/news\/#\/schema\/person\/5b17484c1a134bd78759c85b056b2e9a"},"description":"La gira promocional de Anima sigui\u00f3 hoy en Par\u00eds, con el segundo show en el Philharmonie de Paris, en el marco del Days Off Festival.","breadcrumb":{"@id":"https:\/\/www.exitmusic.com.ar\/news\/2019\/07\/08\/days-off-festival-paris-dia-2-thom-yorke\/#breadcrumb"},"inLanguage":"es","potentialAction":[{"@type":"ReadAction","target":["https:\/\/www.exitmusic.com.ar\/news\/2019\/07\/08\/days-off-festival-paris-dia-2-thom-yorke\/"]}]},{"@type":"ImageObject","inLanguage":"es","@id":"https:\/\/www.exitmusic.com.ar\/news\/2019\/07\/08\/days-off-festival-paris-dia-2-thom-yorke\/#primaryimage","url":"https:\/\/www.exitmusic.com.ar\/news\/wp-content\/uploads\/2019\/07\/camila.chakirova.jpg","contentUrl":"https:\/\/www.exitmusic.com.ar\/news\/wp-content\/uploads\/2019\/07\/camila.chakirova.jpg","width":640,"height":480,"caption":"camila.chakirova @ instagram"},{"@type":"BreadcrumbList","@id":"https:\/\/www.exitmusic.com.ar\/news\/2019\/07\/08\/days-off-festival-paris-dia-2-thom-yorke\/#breadcrumb","itemListElement":[{"@type":"ListItem","position":1,"name":"Inicio","item":"https:\/\/www.exitmusic.com.ar\/news\/"},{"@type":"ListItem","position":2,"name":"Noticias","item":"https:\/\/www.exitmusic.com.ar\/news\/secciones\/noticias\/"},{"@type":"ListItem","position":3,"name":"Thom Yorke","item":"https:\/\/www.exitmusic.com.ar\/news\/secciones\/noticias\/thom-yorke\/"},{"@type":"ListItem","position":4,"name":"Days Off Festival, Par\u00eds (d\u00eda 2) [Thom Yorke]"}]},{"@type":"WebSite","@id":"https:\/\/www.exitmusic.com.ar\/news\/#website","url":"https:\/\/www.exitmusic.com.ar\/news\/","name":"ExitMusicAr | Radiohead Argentina","description":"Noticias e informaci\u00f3n sobre Radiohead, EOB, Philip Selway, Jonny Greenwood, Thom Yorke, Atoms for Peace y The Smile","potentialAction":[{"@type":"SearchAction","target":{"@type":"EntryPoint","urlTemplate":"https:\/\/www.exitmusic.com.ar\/news\/?s={search_term_string}"},"query-input":{"@type":"PropertyValueSpecification","valueRequired":true,"valueName":"search_term_string"}}],"inLanguage":"es"},{"@type":"Person","@id":"https:\/\/www.exitmusic.com.ar\/news\/#\/schema\/person\/5b17484c1a134bd78759c85b056b2e9a","name":"britbomber","image":{"@type":"ImageObject","inLanguage":"es","@id":"https:\/\/secure.gravatar.com\/avatar\/7aa60245619700190832ac995e42108bfadba25baafc3bf5bb91e97db0e7a0bd?s=96&d=identicon&r=r","url":"https:\/\/secure.gravatar.com\/avatar\/7aa60245619700190832ac995e42108bfadba25baafc3bf5bb91e97db0e7a0bd?s=96&d=identicon&r=r","contentUrl":"https:\/\/secure.gravatar.com\/avatar\/7aa60245619700190832ac995e42108bfadba25baafc3bf5bb91e97db0e7a0bd?s=96&d=identicon&r=r","caption":"britbomber"}}]}},"amp_enabled":true,"_links":{"self":[{"href":"https:\/\/www.exitmusic.com.ar\/news\/wp-json\/wp\/v2\/posts\/11169","targetHints":{"allow":["GET"]}}],"collection":[{"href":"https:\/\/www.exitmusic.com.ar\/news\/wp-json\/wp\/v2\/posts"}],"about":[{"href":"https:\/\/www.exitmusic.com.ar\/news\/wp-json\/wp\/v2\/types\/post"}],"author":[{"embeddable":true,"href":"https:\/\/www.exitmusic.com.ar\/news\/wp-json\/wp\/v2\/users\/2"}],"replies":[{"embeddable":true,"href":"https:\/\/www.exitmusic.com.ar\/news\/wp-json\/wp\/v2\/comments?post=11169"}],"version-history":[{"count":0,"href":"https:\/\/www.exitmusic.com.ar\/news\/wp-json\/wp\/v2\/posts\/11169\/revisions"}],"wp:featuredmedia":[{"embeddable":true,"href":"https:\/\/www.exitmusic.com.ar\/news\/wp-json\/wp\/v2\/media\/11170"}],"wp:attachment":[{"href":"https:\/\/www.exitmusic.com.ar\/news\/wp-json\/wp\/v2\/media?parent=11169"}],"wp:term":[{"taxonomy":"category","embeddable":true,"href":"https:\/\/www.exitmusic.com.ar\/news\/wp-json\/wp\/v2\/categories?post=11169"},{"taxonomy":"post_tag","embeddable":true,"href":"https:\/\/www.exitmusic.com.ar\/news\/wp-json\/wp\/v2\/tags?post=11169"}],"curies":[{"name":"wp","href":"https:\/\/api.w.org\/{rel}","templated":true}]}}