{"id":6943,"date":"2013-03-04T08:39:42","date_gmt":"2013-03-04T11:39:42","guid":{"rendered":"http:\/\/www.exitmusic.com.ar\/news\/?p=6943"},"modified":"2019-11-09T18:03:31","modified_gmt":"2019-11-09T21:03:31","slug":"atoms-for-peace-anuncia-fechas-para-europa-en-julio-2013","status":"publish","type":"post","link":"https:\/\/www.exitmusic.com.ar\/news\/2013\/03\/04\/atoms-for-peace-anuncia-fechas-para-europa-en-julio-2013\/","title":{"rendered":"Atoms for Peace anuncia fechas para Europa en Julio 2013"},"content":{"rendered":"<p>W.A.S.T.E. anunci\u00f3 hoy a trav\u00e9s de\u00a0<em>Dead Air Space<\/em> las fechas que Atoms for Peace tiene programadas para Julio pr\u00f3ximo en el continente europeo. Adem\u00e1s de las ya conocidas fechas en los festivales\u00a0<em>Melt, EXIT<\/em> y\u00a0<em>Pohoda,<\/em>\u00a0la banda realizar\u00e1 algunos shows en estadios.<\/p>\n<p>Aqu\u00ed la lista de fechas para Julio 2013<\/p>\n<p>S\u00e1bado 6: Francia &#8211; Paris Zenith<\/p>\n<p>Martes 9: B\u00e9lgica &#8211; Antwerp Lotto Arena<\/p>\n<p>Mi\u00e9rcoles 10: Alemania &#8211; Munich Zenith<\/p>\n<p>Viernes 12: Eslovaquia- Pohoda Festival<\/p>\n<p>S\u00e1bado 13: Serbia &#8211; Exit Festival<\/p>\n<p>Jueves 16: Italy &#8211; Roma: <em>Rock in Roma<\/em> @ Ippodromo delle Capannelle<\/p>\n<p>Mi\u00e9rcoles 17: Italy &#8211; \u00a0Milan: <em>City Sound Festival<\/em> @ Ippodromo del Galoppo<\/p>\n<p>Domingo 21:\u00a0Alemania &#8211; Berlin Melt Festival<\/p>\n<p>Mi\u00e9rcoles 24: Reino Unido &#8211; London Roundhouse<\/p>\n<p>Jueves 25: Reino Unido- London Roundhouse<\/p>\n<p>Viernes 26: Reino Unido- London Roundhouse<\/p>\n<p>La preventa comienza el mi\u00e9rcoles 6 de Marzo a las 9 am (12pm local) en\u00a0http:\/\/tickets.waste.uk.com\/<\/p>","protected":false},"excerpt":{"rendered":"<p>W.A.S.T.E. anunci\u00f3 hoy a trav\u00e9s de\u00a0Dead Air Space las fechas que Atoms for Peace tiene programadas para Julio pr\u00f3ximo en el continente europeo. Adem\u00e1s de las ya conocidas fechas en los festivales\u00a0Melt, EXIT y\u00a0Pohoda,\u00a0la banda&hellip; <a href=\"https:\/\/www.exitmusic.com.ar\/news\/2013\/03\/04\/atoms-for-peace-anuncia-fechas-para-europa-en-julio-2013\/\" class=\"morelink\"> m\u00e1s \u00bb<\/a><\/p>","protected":false},"author":2,"featured_media":0,"comment_status":"open","ping_status":"open","sticky":false,"template":"","format":"standard","meta":{"footnotes":""},"categories":[1072,1],"tags":[1100],"class_list":["post-6943","post","type-post","status-publish","format-standard","hentry","category-atoms-for-peace","category-noticias","tag-gira-2013"],"yoast_head":"<!-- This site is optimized with the Yoast SEO plugin v27.5 - https:\/\/yoast.com\/product\/yoast-seo-wordpress\/ -->\n<title>Atoms for Peace anuncia fechas para Europa en Julio 2013 &#8211; ExitMusicAr | Radiohead Argentina - \u00faltimas noticias<\/title>\n<meta name=\"description\" content=\"W.A.S.T.E. anunci\u00f3 hoy a trav\u00e9s de\u00a0Dead Air Space las fechas que Atoms for Peace tiene programadas para Julio pr\u00f3ximo en el continente europeo. Adem\u00e1s de\" \/>\n<meta name=\"robots\" content=\"index, follow, max-snippet:-1, max-image-preview:large, max-video-preview:-1\" \/>\n<link rel=\"canonical\" href=\"https:\/\/www.exitmusic.com.ar\/news\/2013\/03\/04\/atoms-for-peace-anuncia-fechas-para-europa-en-julio-2013\/\" \/>\n<meta property=\"og:locale\" content=\"es_ES\" \/>\n<meta property=\"og:type\" content=\"article\" \/>\n<meta property=\"og:title\" content=\"Atoms for Peace anuncia fechas para Europa en Julio 2013 &#8211; ExitMusicAr | Radiohead Argentina - \u00faltimas noticias\" \/>\n<meta property=\"og:description\" content=\"W.A.S.T.E. anunci\u00f3 hoy a trav\u00e9s de\u00a0Dead Air Space las fechas que Atoms for Peace tiene programadas para Julio pr\u00f3ximo en el continente europeo. Adem\u00e1s de\" \/>\n<meta property=\"og:url\" content=\"https:\/\/www.exitmusic.com.ar\/news\/2013\/03\/04\/atoms-for-peace-anuncia-fechas-para-europa-en-julio-2013\/\" \/>\n<meta property=\"og:site_name\" content=\"ExitMusicAr | Radiohead Argentina - \u00faltimas noticias\" \/>\n<meta property=\"article:publisher\" content=\"https:\/\/www.facebook.com\/ExitMusicAr\" \/>\n<meta property=\"article:published_time\" content=\"2013-03-04T11:39:42+00:00\" \/>\n<meta property=\"article:modified_time\" content=\"2019-11-09T21:03:31+00:00\" \/>\n<meta name=\"author\" content=\"britbomber\" \/>\n<meta name=\"twitter:card\" content=\"summary_large_image\" \/>\n<meta name=\"twitter:creator\" content=\"@ExitMusicAr\" \/>\n<meta name=\"twitter:site\" content=\"@ExitMusicAr\" \/>\n<meta name=\"twitter:label1\" content=\"Escrito por\" \/>\n\t<meta name=\"twitter:data1\" content=\"britbomber\" \/>\n\t<meta name=\"twitter:label2\" content=\"Tiempo de lectura\" \/>\n\t<meta name=\"twitter:data2\" content=\"1 minuto\" \/>\n<script type=\"application\/ld+json\" class=\"yoast-schema-graph\">{\"@context\":\"https:\\\/\\\/schema.org\",\"@graph\":[{\"@type\":\"NewsArticle\",\"@id\":\"https:\\\/\\\/www.exitmusic.com.ar\\\/news\\\/2013\\\/03\\\/04\\\/atoms-for-peace-anuncia-fechas-para-europa-en-julio-2013\\\/#article\",\"isPartOf\":{\"@id\":\"https:\\\/\\\/www.exitmusic.com.ar\\\/news\\\/2013\\\/03\\\/04\\\/atoms-for-peace-anuncia-fechas-para-europa-en-julio-2013\\\/\"},\"author\":{\"name\":\"britbomber\",\"@id\":\"https:\\\/\\\/www.exitmusic.com.ar\\\/news\\\/#\\\/schema\\\/person\\\/5b17484c1a134bd78759c85b056b2e9a\"},\"headline\":\"Atoms for Peace anuncia fechas para Europa en Julio 2013\",\"datePublished\":\"2013-03-04T11:39:42+00:00\",\"dateModified\":\"2019-11-09T21:03:31+00:00\",\"mainEntityOfPage\":{\"@id\":\"https:\\\/\\\/www.exitmusic.com.ar\\\/news\\\/2013\\\/03\\\/04\\\/atoms-for-peace-anuncia-fechas-para-europa-en-julio-2013\\\/\"},\"wordCount\":159,\"commentCount\":0,\"keywords\":[\"gira 2013\"],\"articleSection\":[\"Atoms for Peace\",\"Noticias\"],\"inLanguage\":\"es\",\"potentialAction\":[{\"@type\":\"CommentAction\",\"name\":\"Comment\",\"target\":[\"https:\\\/\\\/www.exitmusic.com.ar\\\/news\\\/2013\\\/03\\\/04\\\/atoms-for-peace-anuncia-fechas-para-europa-en-julio-2013\\\/#respond\"]}]},{\"@type\":\"WebPage\",\"@id\":\"https:\\\/\\\/www.exitmusic.com.ar\\\/news\\\/2013\\\/03\\\/04\\\/atoms-for-peace-anuncia-fechas-para-europa-en-julio-2013\\\/\",\"url\":\"https:\\\/\\\/www.exitmusic.com.ar\\\/news\\\/2013\\\/03\\\/04\\\/atoms-for-peace-anuncia-fechas-para-europa-en-julio-2013\\\/\",\"name\":\"Atoms for Peace anuncia fechas para Europa en Julio 2013 &#8211; ExitMusicAr | Radiohead Argentina - \u00faltimas noticias\",\"isPartOf\":{\"@id\":\"https:\\\/\\\/www.exitmusic.com.ar\\\/news\\\/#website\"},\"datePublished\":\"2013-03-04T11:39:42+00:00\",\"dateModified\":\"2019-11-09T21:03:31+00:00\",\"author\":{\"@id\":\"https:\\\/\\\/www.exitmusic.com.ar\\\/news\\\/#\\\/schema\\\/person\\\/5b17484c1a134bd78759c85b056b2e9a\"},\"description\":\"W.A.S.T.E. anunci\u00f3 hoy a trav\u00e9s de\u00a0Dead Air Space las fechas que Atoms for Peace tiene programadas para Julio pr\u00f3ximo en el continente europeo. Adem\u00e1s de\",\"breadcrumb\":{\"@id\":\"https:\\\/\\\/www.exitmusic.com.ar\\\/news\\\/2013\\\/03\\\/04\\\/atoms-for-peace-anuncia-fechas-para-europa-en-julio-2013\\\/#breadcrumb\"},\"inLanguage\":\"es\",\"potentialAction\":[{\"@type\":\"ReadAction\",\"target\":[\"https:\\\/\\\/www.exitmusic.com.ar\\\/news\\\/2013\\\/03\\\/04\\\/atoms-for-peace-anuncia-fechas-para-europa-en-julio-2013\\\/\"]}]},{\"@type\":\"BreadcrumbList\",\"@id\":\"https:\\\/\\\/www.exitmusic.com.ar\\\/news\\\/2013\\\/03\\\/04\\\/atoms-for-peace-anuncia-fechas-para-europa-en-julio-2013\\\/#breadcrumb\",\"itemListElement\":[{\"@type\":\"ListItem\",\"position\":1,\"name\":\"Inicio\",\"item\":\"https:\\\/\\\/www.exitmusic.com.ar\\\/news\\\/\"},{\"@type\":\"ListItem\",\"position\":2,\"name\":\"Noticias\",\"item\":\"https:\\\/\\\/www.exitmusic.com.ar\\\/news\\\/secciones\\\/noticias\\\/\"},{\"@type\":\"ListItem\",\"position\":3,\"name\":\"Atoms for Peace\",\"item\":\"https:\\\/\\\/www.exitmusic.com.ar\\\/news\\\/secciones\\\/noticias\\\/atoms-for-peace\\\/\"},{\"@type\":\"ListItem\",\"position\":4,\"name\":\"Atoms for Peace anuncia fechas para Europa en Julio 2013\"}]},{\"@type\":\"WebSite\",\"@id\":\"https:\\\/\\\/www.exitmusic.com.ar\\\/news\\\/#website\",\"url\":\"https:\\\/\\\/www.exitmusic.com.ar\\\/news\\\/\",\"name\":\"ExitMusicAr | Radiohead Argentina\",\"description\":\"Noticias e informaci\u00f3n sobre Radiohead, EOB, Philip Selway, Jonny Greenwood, Thom Yorke, Atoms for Peace y The Smile\",\"potentialAction\":[{\"@type\":\"SearchAction\",\"target\":{\"@type\":\"EntryPoint\",\"urlTemplate\":\"https:\\\/\\\/www.exitmusic.com.ar\\\/news\\\/?s={search_term_string}\"},\"query-input\":{\"@type\":\"PropertyValueSpecification\",\"valueRequired\":true,\"valueName\":\"search_term_string\"}}],\"inLanguage\":\"es\"},{\"@type\":\"Person\",\"@id\":\"https:\\\/\\\/www.exitmusic.com.ar\\\/news\\\/#\\\/schema\\\/person\\\/5b17484c1a134bd78759c85b056b2e9a\",\"name\":\"britbomber\",\"image\":{\"@type\":\"ImageObject\",\"inLanguage\":\"es\",\"@id\":\"https:\\\/\\\/secure.gravatar.com\\\/avatar\\\/7aa60245619700190832ac995e42108bfadba25baafc3bf5bb91e97db0e7a0bd?s=96&d=identicon&r=r\",\"url\":\"https:\\\/\\\/secure.gravatar.com\\\/avatar\\\/7aa60245619700190832ac995e42108bfadba25baafc3bf5bb91e97db0e7a0bd?s=96&d=identicon&r=r\",\"contentUrl\":\"https:\\\/\\\/secure.gravatar.com\\\/avatar\\\/7aa60245619700190832ac995e42108bfadba25baafc3bf5bb91e97db0e7a0bd?s=96&d=identicon&r=r\",\"caption\":\"britbomber\"}}]}<\/script>\n<!-- \/ Yoast SEO plugin. -->","yoast_head_json":{"title":"Atoms for Peace anuncia fechas para Europa en Julio 2013 &#8211; ExitMusicAr | Radiohead Argentina - \u00faltimas noticias","description":"W.A.S.T.E. anunci\u00f3 hoy a trav\u00e9s de\u00a0Dead Air Space las fechas que Atoms for Peace tiene programadas para Julio pr\u00f3ximo en el continente europeo. Adem\u00e1s de","robots":{"index":"index","follow":"follow","max-snippet":"max-snippet:-1","max-image-preview":"max-image-preview:large","max-video-preview":"max-video-preview:-1"},"canonical":"https:\/\/www.exitmusic.com.ar\/news\/2013\/03\/04\/atoms-for-peace-anuncia-fechas-para-europa-en-julio-2013\/","og_locale":"es_ES","og_type":"article","og_title":"Atoms for Peace anuncia fechas para Europa en Julio 2013 &#8211; ExitMusicAr | Radiohead Argentina - \u00faltimas noticias","og_description":"W.A.S.T.E. anunci\u00f3 hoy a trav\u00e9s de\u00a0Dead Air Space las fechas que Atoms for Peace tiene programadas para Julio pr\u00f3ximo en el continente europeo. Adem\u00e1s de","og_url":"https:\/\/www.exitmusic.com.ar\/news\/2013\/03\/04\/atoms-for-peace-anuncia-fechas-para-europa-en-julio-2013\/","og_site_name":"ExitMusicAr | Radiohead Argentina - \u00faltimas noticias","article_publisher":"https:\/\/www.facebook.com\/ExitMusicAr","article_published_time":"2013-03-04T11:39:42+00:00","article_modified_time":"2019-11-09T21:03:31+00:00","author":"britbomber","twitter_card":"summary_large_image","twitter_creator":"@ExitMusicAr","twitter_site":"@ExitMusicAr","twitter_misc":{"Escrito por":"britbomber","Tiempo de lectura":"1 minuto"},"schema":{"@context":"https:\/\/schema.org","@graph":[{"@type":"NewsArticle","@id":"https:\/\/www.exitmusic.com.ar\/news\/2013\/03\/04\/atoms-for-peace-anuncia-fechas-para-europa-en-julio-2013\/#article","isPartOf":{"@id":"https:\/\/www.exitmusic.com.ar\/news\/2013\/03\/04\/atoms-for-peace-anuncia-fechas-para-europa-en-julio-2013\/"},"author":{"name":"britbomber","@id":"https:\/\/www.exitmusic.com.ar\/news\/#\/schema\/person\/5b17484c1a134bd78759c85b056b2e9a"},"headline":"Atoms for Peace anuncia fechas para Europa en Julio 2013","datePublished":"2013-03-04T11:39:42+00:00","dateModified":"2019-11-09T21:03:31+00:00","mainEntityOfPage":{"@id":"https:\/\/www.exitmusic.com.ar\/news\/2013\/03\/04\/atoms-for-peace-anuncia-fechas-para-europa-en-julio-2013\/"},"wordCount":159,"commentCount":0,"keywords":["gira 2013"],"articleSection":["Atoms for Peace","Noticias"],"inLanguage":"es","potentialAction":[{"@type":"CommentAction","name":"Comment","target":["https:\/\/www.exitmusic.com.ar\/news\/2013\/03\/04\/atoms-for-peace-anuncia-fechas-para-europa-en-julio-2013\/#respond"]}]},{"@type":"WebPage","@id":"https:\/\/www.exitmusic.com.ar\/news\/2013\/03\/04\/atoms-for-peace-anuncia-fechas-para-europa-en-julio-2013\/","url":"https:\/\/www.exitmusic.com.ar\/news\/2013\/03\/04\/atoms-for-peace-anuncia-fechas-para-europa-en-julio-2013\/","name":"Atoms for Peace anuncia fechas para Europa en Julio 2013 &#8211; ExitMusicAr | Radiohead Argentina - \u00faltimas noticias","isPartOf":{"@id":"https:\/\/www.exitmusic.com.ar\/news\/#website"},"datePublished":"2013-03-04T11:39:42+00:00","dateModified":"2019-11-09T21:03:31+00:00","author":{"@id":"https:\/\/www.exitmusic.com.ar\/news\/#\/schema\/person\/5b17484c1a134bd78759c85b056b2e9a"},"description":"W.A.S.T.E. anunci\u00f3 hoy a trav\u00e9s de\u00a0Dead Air Space las fechas que Atoms for Peace tiene programadas para Julio pr\u00f3ximo en el continente europeo. Adem\u00e1s de","breadcrumb":{"@id":"https:\/\/www.exitmusic.com.ar\/news\/2013\/03\/04\/atoms-for-peace-anuncia-fechas-para-europa-en-julio-2013\/#breadcrumb"},"inLanguage":"es","potentialAction":[{"@type":"ReadAction","target":["https:\/\/www.exitmusic.com.ar\/news\/2013\/03\/04\/atoms-for-peace-anuncia-fechas-para-europa-en-julio-2013\/"]}]},{"@type":"BreadcrumbList","@id":"https:\/\/www.exitmusic.com.ar\/news\/2013\/03\/04\/atoms-for-peace-anuncia-fechas-para-europa-en-julio-2013\/#breadcrumb","itemListElement":[{"@type":"ListItem","position":1,"name":"Inicio","item":"https:\/\/www.exitmusic.com.ar\/news\/"},{"@type":"ListItem","position":2,"name":"Noticias","item":"https:\/\/www.exitmusic.com.ar\/news\/secciones\/noticias\/"},{"@type":"ListItem","position":3,"name":"Atoms for Peace","item":"https:\/\/www.exitmusic.com.ar\/news\/secciones\/noticias\/atoms-for-peace\/"},{"@type":"ListItem","position":4,"name":"Atoms for Peace anuncia fechas para Europa en Julio 2013"}]},{"@type":"WebSite","@id":"https:\/\/www.exitmusic.com.ar\/news\/#website","url":"https:\/\/www.exitmusic.com.ar\/news\/","name":"ExitMusicAr | Radiohead Argentina","description":"Noticias e informaci\u00f3n sobre Radiohead, EOB, Philip Selway, Jonny Greenwood, Thom Yorke, Atoms for Peace y The Smile","potentialAction":[{"@type":"SearchAction","target":{"@type":"EntryPoint","urlTemplate":"https:\/\/www.exitmusic.com.ar\/news\/?s={search_term_string}"},"query-input":{"@type":"PropertyValueSpecification","valueRequired":true,"valueName":"search_term_string"}}],"inLanguage":"es"},{"@type":"Person","@id":"https:\/\/www.exitmusic.com.ar\/news\/#\/schema\/person\/5b17484c1a134bd78759c85b056b2e9a","name":"britbomber","image":{"@type":"ImageObject","inLanguage":"es","@id":"https:\/\/secure.gravatar.com\/avatar\/7aa60245619700190832ac995e42108bfadba25baafc3bf5bb91e97db0e7a0bd?s=96&d=identicon&r=r","url":"https:\/\/secure.gravatar.com\/avatar\/7aa60245619700190832ac995e42108bfadba25baafc3bf5bb91e97db0e7a0bd?s=96&d=identicon&r=r","contentUrl":"https:\/\/secure.gravatar.com\/avatar\/7aa60245619700190832ac995e42108bfadba25baafc3bf5bb91e97db0e7a0bd?s=96&d=identicon&r=r","caption":"britbomber"}}]}},"amp_enabled":true,"_links":{"self":[{"href":"https:\/\/www.exitmusic.com.ar\/news\/wp-json\/wp\/v2\/posts\/6943","targetHints":{"allow":["GET"]}}],"collection":[{"href":"https:\/\/www.exitmusic.com.ar\/news\/wp-json\/wp\/v2\/posts"}],"about":[{"href":"https:\/\/www.exitmusic.com.ar\/news\/wp-json\/wp\/v2\/types\/post"}],"author":[{"embeddable":true,"href":"https:\/\/www.exitmusic.com.ar\/news\/wp-json\/wp\/v2\/users\/2"}],"replies":[{"embeddable":true,"href":"https:\/\/www.exitmusic.com.ar\/news\/wp-json\/wp\/v2\/comments?post=6943"}],"version-history":[{"count":0,"href":"https:\/\/www.exitmusic.com.ar\/news\/wp-json\/wp\/v2\/posts\/6943\/revisions"}],"wp:attachment":[{"href":"https:\/\/www.exitmusic.com.ar\/news\/wp-json\/wp\/v2\/media?parent=6943"}],"wp:term":[{"taxonomy":"category","embeddable":true,"href":"https:\/\/www.exitmusic.com.ar\/news\/wp-json\/wp\/v2\/categories?post=6943"},{"taxonomy":"post_tag","embeddable":true,"href":"https:\/\/www.exitmusic.com.ar\/news\/wp-json\/wp\/v2\/tags?post=6943"}],"curies":[{"name":"wp","href":"https:\/\/api.w.org\/{rel}","templated":true}]}}