{"id":8984,"date":"2016-10-09T10:06:39","date_gmt":"2016-10-09T13:06:39","guid":{"rendered":"http:\/\/www.exitmusic.com.ar\/news\/?p=8984"},"modified":"2020-03-24T18:09:32","modified_gmt":"2020-03-24T21:09:32","slug":"ed-obrien-habla-matt-everitt","status":"publish","type":"post","link":"https:\/\/www.exitmusic.com.ar\/news\/2016\/10\/09\/ed-obrien-habla-matt-everitt\/","title":{"rendered":"Ed O&#8217;Brien habla con Matt Everitt"},"content":{"rendered":"<p>Ed O&#8217;Brien habl\u00f3 con Matt Everitt en su programa \u00abThe First Time With&#8230;\u00bb sobre sus primeros acercamientos a la m\u00fasica, a los dem\u00e1s miembros de la banda y el proceso creativo de Radiohead. Tambi\u00e9n confirm\u00f3 que el a\u00f1o pr\u00f3ximo trabajar\u00e1 en su primer \u00e1lbum solista.<\/p>\n\n\n\n<p>La entrevista se puede escuchar por los pr\u00f3ximos treinta d\u00edas <a href=\"http:\/\/www.bbc.co.uk\/programmes\/b07ykny5\" target=\"_blank\" rel=\"noopener noreferrer\">aqu\u00ed<\/a>.<\/p>\n\n\n\n<p>Sus primeros recuerdos sobre m\u00fasica se remontan a la cantidad de m\u00fasica que hab\u00eda en su casa. Recuerda la canci\u00f3n \u00abBridge over Troubled Waters\u00bb de Simon &amp; Garfunkel.<br>Su pap\u00e1 sol\u00eda grabarle cassettes con canciones del Top40. Adem\u00e1s, Ed iba a clases de coro cuando era peque\u00f1o y su pap\u00e1 tocaba la guitarra.<br>El primer sencillo que recuerda comprar fue <a href=\"https:\/\/www.youtube.com\/watch?v=AcE86JmIN3E\" target=\"_blank\" rel=\"noopener noreferrer\">\u00abAlly&#8217;s Tartan Army\u00bb<\/a>, una canci\u00f3n escocesa tradicional, y el primer \u00e1lbum que compr\u00f3 fue <em>Rock &#8216;n&#8217; Roll Music<\/em> de The Beatles; su pap\u00e1 le regal\u00f3 <em>Sgt. Pepper&#8217;s Lonely Hearts Club Band<\/em>.<br>En cuanto a guitarristas, considera que a nivel sonoro, lo marcaron Sting y el sonido de \u00abWalking on the Moon\u00bb, mientras que a nivel visual, fueron Paul Weller (The Jam), Jonny Marr (The Smiths), The Edge (U2) y Will Sergeant (Echo and the Bunnymen)<\/p>\n\n\n\n<p>La diferencia que cita sobre los comienzos de Radiohead y otras bandas es que todos estaban en a\u00f1os diferentes en la escuela.<br>A primera vista, Philip le parec\u00eda era enigm\u00e1tico. Estaba en la banda m\u00e1s cool del colegio. Con Colin actuaron mucho juntos en las producciones de Abingdon. \u00abTemptation\u00bb de New Order apareci\u00f3 en una de las obras y el descubrimiento los acerc\u00f3. Thom tomaba el mismo colectivo que \u00e9l y su hermana. Al comienzo le pareci\u00f3 que era muy agresivo y peleador, debido a las burlas de las que era objeto en el colegio. Considera que Jonny madur\u00f3 mucho m\u00e1s r\u00e1pido que el resto de los chicos de su edad, quienes estaban todav\u00eda jugando al f\u00fatbol cuando Jonny ya estaba enfocado en la m\u00fasica.<\/p>\n\n\n\n<p>Las primeras grabaciones que realizaron juntos fueron durante el verano de 1986, cuando grabaron algunas canciones en 4 canales, en la casa de Philip. Una de las primeras canciones, <a href=\"https:\/\/www.youtube.com\/watch?v=SGN5qUZPC-o\" target=\"_blank\" rel=\"noopener noreferrer\">\u00abFat Girl\u00bb<\/a>, era su favorita porque era parecida a The Smiths.<br>\u00abCuando comenzamos, todo cay\u00f3 en su lugar. Lo sentimos desde el comienzo\u00bb, confes\u00f3.<br>La sensaci\u00f3n estuvo cuando una vez se cruz\u00f3 con Thom yendo a una clase de improvisaci\u00f3n y terminaron sinti\u00e9ndose muy c\u00f3modos tocando juntos.<\/p>\n\n\n\n<figure><iframe loading=\"lazy\" src=\"http:\/\/www.bbc.co.uk\/programmes\/p04cmdcb\/player\" width=\"400\" height=\"500\" frameborder=\"0\"><\/iframe><\/figure>\n\n\n\n<p>Ed considera que <em>The Bends<\/em> fue una respuesta a ser llamados un \u00abone hit wonder\u00bb, porque en el \u00e1lbum, cada canci\u00f3n es un potencial simple potencial. Sinti\u00f3 que eran una buena banda a partir de ese disco.&nbsp;En esa \u00e9poca, se acercaron tambi\u00e9n a Massive Attack. Creyeron que la banda de Bristol los iba a menospreciar por <em>Pablo Honey<\/em> y \u00abCreep\u00bb, pero al contrario, los animaron dici\u00e9ndoles que era muy buena canci\u00f3n.<\/p>\n\n\n\n<p>Sus impresiones de la \u00e9poca de <em>OK Computer<\/em> son la de&nbsp;una banda joven y de un momento emocionante. Eran una banda fortalecida, despu\u00e9s de muchos tours exitosos por Estados Unidos con <em>The Bends<\/em>. Las grabaciones estuvieron marcadas por&nbsp;\u00e1lbumes como <em>Bitches Brew<\/em> de Miles Davis y <em>Pet Sounds<\/em> de Beach Boys.<br>En el tour con Alanis Morissette aprendieron la importancia de probar material en vivo, no en el estudio, despu\u00e9s de tocar ante una audiencia mayormente femenina que solo conoc\u00eda \u00abCreep\u00bb.<\/p>\n\n\n\n<figure><iframe loading=\"lazy\" src=\"http:\/\/www.bbc.co.uk\/programmes\/p04cmg8l\/player\" width=\"400\" height=\"500\" frameborder=\"0\"><\/iframe><\/figure>\n\n\n\n<p>Ed confirm\u00f3 tambi\u00e9n que el a\u00f1o pr\u00f3ximo trabajar\u00e1 en su primer \u00e1lbum solista. El \u00e1lbum se gest\u00f3 cuando vivi\u00f3 con su familia en el campo de Brasil, en el medio de la nada, despu\u00e9s de la gira de&nbsp;<em>In Rainbows<\/em>. Otra gran influencia para el \u00e1lbum fue una visita al samb\u00f3dromo de Rio de Janeiro.<\/p>\n\n\n\n<p>El guitarrista coment\u00f3 que su amor por Brasil &nbsp;comenz\u00f3 en la \u00e9poca de&nbsp;<em>OK Computer<\/em>. Despu\u00e9s de Glastonbury &#8217;97, Se sent\u00eda&nbsp;deprimido y decidi\u00f3 tomarse vacaciones solo. En la oficina encontr\u00f3 el \u00e1lbum <em>Red Hot and Bossa<\/em> y se enamor\u00f3 del sonido; tambi\u00e9n se sinti\u00f3 muy influido por el concepto de <a href=\"https:\/\/es.wikipedia.org\/wiki\/Saudade\" target=\"_blank\" rel=\"noopener noreferrer\">Saudade<\/a>.<\/p>\n\n\n\n<p>Antes de cerrar la entrevista, O&#8217;Brien coment\u00f3 que lo grabado en el estudio Third Man Records de Jack White durante 2012 \u00abno vale la pena esperarlo\u00bb, y que la banda lanza todo lo que realmente vale la pena.<\/p>","protected":false},"excerpt":{"rendered":"<p>Ed O&#8217;Brien habl\u00f3 con Matt Everitt en su programa \u00abThe First Time With&#8230;\u00bb sobre sus primeros acercamientos a la m\u00fasica, a los dem\u00e1s miembros de la banda y el proceso creativo de Radiohead. Tambi\u00e9n confirm\u00f3&hellip; <a href=\"https:\/\/www.exitmusic.com.ar\/news\/2016\/10\/09\/ed-obrien-habla-matt-everitt\/\" class=\"morelink\"> m\u00e1s \u00bb<\/a><\/p>","protected":false},"author":2,"featured_media":8985,"comment_status":"open","ping_status":"open","sticky":false,"template":"","format":"standard","meta":{"footnotes":""},"categories":[1384,1],"tags":[26,23,1246],"class_list":["post-8984","post","type-post","status-publish","format-standard","has-post-thumbnail","hentry","category-ed-obrien","category-noticias","tag-ed-obrien","tag-entrevista","tag-matt-everitt"],"yoast_head":"<!-- This site is optimized with the Yoast SEO plugin v27.5 - https:\/\/yoast.com\/product\/yoast-seo-wordpress\/ -->\n<title>Ed O&#039;Brien habla con Matt Everitt &#8211; ExitMusicAr | Radiohead Argentina - \u00faltimas noticias<\/title>\n<meta name=\"description\" content=\"Ed O&#039;Brien habl\u00f3 con Matt Everitt sobre su acercamiento a la m\u00fasica y confirm\u00f3 que realizar\u00e1 durante 2017 su primer \u00e1lbum solista.\" \/>\n<meta name=\"robots\" content=\"index, follow, max-snippet:-1, max-image-preview:large, max-video-preview:-1\" \/>\n<link rel=\"canonical\" href=\"https:\/\/www.exitmusic.com.ar\/news\/2016\/10\/09\/ed-obrien-habla-matt-everitt\/\" \/>\n<meta property=\"og:locale\" content=\"es_ES\" \/>\n<meta property=\"og:type\" content=\"article\" \/>\n<meta property=\"og:title\" content=\"Ed O&#039;Brien habla con Matt Everitt &#8211; ExitMusicAr | Radiohead Argentina - \u00faltimas noticias\" \/>\n<meta property=\"og:description\" content=\"Ed O&#039;Brien habl\u00f3 con Matt Everitt sobre su acercamiento a la m\u00fasica y confirm\u00f3 que realizar\u00e1 durante 2017 su primer \u00e1lbum solista.\" \/>\n<meta property=\"og:url\" content=\"https:\/\/www.exitmusic.com.ar\/news\/2016\/10\/09\/ed-obrien-habla-matt-everitt\/\" \/>\n<meta property=\"og:site_name\" content=\"ExitMusicAr | Radiohead Argentina - \u00faltimas noticias\" \/>\n<meta property=\"article:publisher\" content=\"https:\/\/www.facebook.com\/ExitMusicAr\" \/>\n<meta property=\"article:published_time\" content=\"2016-10-09T13:06:39+00:00\" \/>\n<meta property=\"article:modified_time\" content=\"2020-03-24T21:09:32+00:00\" \/>\n<meta property=\"og:image\" content=\"https:\/\/www.exitmusic.com.ar\/news\/wp-content\/uploads\/2016\/10\/CuUw7apXgAE72-w-e1476017923717.jpg\" \/>\n\t<meta property=\"og:image:width\" content=\"732\" \/>\n\t<meta property=\"og:image:height\" content=\"630\" \/>\n\t<meta property=\"og:image:type\" content=\"image\/jpeg\" \/>\n<meta name=\"author\" content=\"britbomber\" \/>\n<meta name=\"twitter:card\" content=\"summary_large_image\" \/>\n<meta name=\"twitter:creator\" content=\"@ExitMusicAr\" \/>\n<meta name=\"twitter:site\" content=\"@ExitMusicAr\" \/>\n<meta name=\"twitter:label1\" content=\"Escrito por\" \/>\n\t<meta name=\"twitter:data1\" content=\"britbomber\" \/>\n\t<meta name=\"twitter:label2\" content=\"Tiempo de lectura\" \/>\n\t<meta name=\"twitter:data2\" content=\"4 minutos\" \/>\n<script type=\"application\/ld+json\" class=\"yoast-schema-graph\">{\"@context\":\"https:\\\/\\\/schema.org\",\"@graph\":[{\"@type\":\"NewsArticle\",\"@id\":\"https:\\\/\\\/www.exitmusic.com.ar\\\/news\\\/2016\\\/10\\\/09\\\/ed-obrien-habla-matt-everitt\\\/#article\",\"isPartOf\":{\"@id\":\"https:\\\/\\\/www.exitmusic.com.ar\\\/news\\\/2016\\\/10\\\/09\\\/ed-obrien-habla-matt-everitt\\\/\"},\"author\":{\"name\":\"britbomber\",\"@id\":\"https:\\\/\\\/www.exitmusic.com.ar\\\/news\\\/#\\\/schema\\\/person\\\/5b17484c1a134bd78759c85b056b2e9a\"},\"headline\":\"Ed O&#8217;Brien habla con Matt Everitt\",\"datePublished\":\"2016-10-09T13:06:39+00:00\",\"dateModified\":\"2020-03-24T21:09:32+00:00\",\"mainEntityOfPage\":{\"@id\":\"https:\\\/\\\/www.exitmusic.com.ar\\\/news\\\/2016\\\/10\\\/09\\\/ed-obrien-habla-matt-everitt\\\/\"},\"wordCount\":748,\"commentCount\":0,\"image\":{\"@id\":\"https:\\\/\\\/www.exitmusic.com.ar\\\/news\\\/2016\\\/10\\\/09\\\/ed-obrien-habla-matt-everitt\\\/#primaryimage\"},\"thumbnailUrl\":\"https:\\\/\\\/www.exitmusic.com.ar\\\/news\\\/wp-content\\\/uploads\\\/2016\\\/10\\\/CuUw7apXgAE72-w-e1476017923717.jpg\",\"keywords\":[\"ed o'brien\",\"entrevista\",\"matt everitt\"],\"articleSection\":[\"Ed O'Brien\",\"Noticias\"],\"inLanguage\":\"es\",\"potentialAction\":[{\"@type\":\"CommentAction\",\"name\":\"Comment\",\"target\":[\"https:\\\/\\\/www.exitmusic.com.ar\\\/news\\\/2016\\\/10\\\/09\\\/ed-obrien-habla-matt-everitt\\\/#respond\"]}]},{\"@type\":\"WebPage\",\"@id\":\"https:\\\/\\\/www.exitmusic.com.ar\\\/news\\\/2016\\\/10\\\/09\\\/ed-obrien-habla-matt-everitt\\\/\",\"url\":\"https:\\\/\\\/www.exitmusic.com.ar\\\/news\\\/2016\\\/10\\\/09\\\/ed-obrien-habla-matt-everitt\\\/\",\"name\":\"Ed O'Brien habla con Matt Everitt &#8211; ExitMusicAr | Radiohead Argentina - \u00faltimas noticias\",\"isPartOf\":{\"@id\":\"https:\\\/\\\/www.exitmusic.com.ar\\\/news\\\/#website\"},\"primaryImageOfPage\":{\"@id\":\"https:\\\/\\\/www.exitmusic.com.ar\\\/news\\\/2016\\\/10\\\/09\\\/ed-obrien-habla-matt-everitt\\\/#primaryimage\"},\"image\":{\"@id\":\"https:\\\/\\\/www.exitmusic.com.ar\\\/news\\\/2016\\\/10\\\/09\\\/ed-obrien-habla-matt-everitt\\\/#primaryimage\"},\"thumbnailUrl\":\"https:\\\/\\\/www.exitmusic.com.ar\\\/news\\\/wp-content\\\/uploads\\\/2016\\\/10\\\/CuUw7apXgAE72-w-e1476017923717.jpg\",\"datePublished\":\"2016-10-09T13:06:39+00:00\",\"dateModified\":\"2020-03-24T21:09:32+00:00\",\"author\":{\"@id\":\"https:\\\/\\\/www.exitmusic.com.ar\\\/news\\\/#\\\/schema\\\/person\\\/5b17484c1a134bd78759c85b056b2e9a\"},\"description\":\"Ed O'Brien habl\u00f3 con Matt Everitt sobre su acercamiento a la m\u00fasica y confirm\u00f3 que realizar\u00e1 durante 2017 su primer \u00e1lbum solista.\",\"breadcrumb\":{\"@id\":\"https:\\\/\\\/www.exitmusic.com.ar\\\/news\\\/2016\\\/10\\\/09\\\/ed-obrien-habla-matt-everitt\\\/#breadcrumb\"},\"inLanguage\":\"es\",\"potentialAction\":[{\"@type\":\"ReadAction\",\"target\":[\"https:\\\/\\\/www.exitmusic.com.ar\\\/news\\\/2016\\\/10\\\/09\\\/ed-obrien-habla-matt-everitt\\\/\"]}]},{\"@type\":\"ImageObject\",\"inLanguage\":\"es\",\"@id\":\"https:\\\/\\\/www.exitmusic.com.ar\\\/news\\\/2016\\\/10\\\/09\\\/ed-obrien-habla-matt-everitt\\\/#primaryimage\",\"url\":\"https:\\\/\\\/www.exitmusic.com.ar\\\/news\\\/wp-content\\\/uploads\\\/2016\\\/10\\\/CuUw7apXgAE72-w-e1476017923717.jpg\",\"contentUrl\":\"https:\\\/\\\/www.exitmusic.com.ar\\\/news\\\/wp-content\\\/uploads\\\/2016\\\/10\\\/CuUw7apXgAE72-w-e1476017923717.jpg\",\"width\":732,\"height\":630},{\"@type\":\"BreadcrumbList\",\"@id\":\"https:\\\/\\\/www.exitmusic.com.ar\\\/news\\\/2016\\\/10\\\/09\\\/ed-obrien-habla-matt-everitt\\\/#breadcrumb\",\"itemListElement\":[{\"@type\":\"ListItem\",\"position\":1,\"name\":\"Inicio\",\"item\":\"https:\\\/\\\/www.exitmusic.com.ar\\\/news\\\/\"},{\"@type\":\"ListItem\",\"position\":2,\"name\":\"Noticias\",\"item\":\"https:\\\/\\\/www.exitmusic.com.ar\\\/news\\\/secciones\\\/noticias\\\/\"},{\"@type\":\"ListItem\",\"position\":3,\"name\":\"Ed O'Brien\",\"item\":\"https:\\\/\\\/www.exitmusic.com.ar\\\/news\\\/secciones\\\/noticias\\\/ed-obrien\\\/\"},{\"@type\":\"ListItem\",\"position\":4,\"name\":\"Ed O&#8217;Brien habla con Matt Everitt\"}]},{\"@type\":\"WebSite\",\"@id\":\"https:\\\/\\\/www.exitmusic.com.ar\\\/news\\\/#website\",\"url\":\"https:\\\/\\\/www.exitmusic.com.ar\\\/news\\\/\",\"name\":\"ExitMusicAr | Radiohead Argentina\",\"description\":\"Noticias e informaci\u00f3n sobre Radiohead, EOB, Philip Selway, Jonny Greenwood, Thom Yorke, Atoms for Peace y The Smile\",\"potentialAction\":[{\"@type\":\"SearchAction\",\"target\":{\"@type\":\"EntryPoint\",\"urlTemplate\":\"https:\\\/\\\/www.exitmusic.com.ar\\\/news\\\/?s={search_term_string}\"},\"query-input\":{\"@type\":\"PropertyValueSpecification\",\"valueRequired\":true,\"valueName\":\"search_term_string\"}}],\"inLanguage\":\"es\"},{\"@type\":\"Person\",\"@id\":\"https:\\\/\\\/www.exitmusic.com.ar\\\/news\\\/#\\\/schema\\\/person\\\/5b17484c1a134bd78759c85b056b2e9a\",\"name\":\"britbomber\",\"image\":{\"@type\":\"ImageObject\",\"inLanguage\":\"es\",\"@id\":\"https:\\\/\\\/secure.gravatar.com\\\/avatar\\\/7aa60245619700190832ac995e42108bfadba25baafc3bf5bb91e97db0e7a0bd?s=96&d=identicon&r=r\",\"url\":\"https:\\\/\\\/secure.gravatar.com\\\/avatar\\\/7aa60245619700190832ac995e42108bfadba25baafc3bf5bb91e97db0e7a0bd?s=96&d=identicon&r=r\",\"contentUrl\":\"https:\\\/\\\/secure.gravatar.com\\\/avatar\\\/7aa60245619700190832ac995e42108bfadba25baafc3bf5bb91e97db0e7a0bd?s=96&d=identicon&r=r\",\"caption\":\"britbomber\"}}]}<\/script>\n<!-- \/ Yoast SEO plugin. -->","yoast_head_json":{"title":"Ed O'Brien habla con Matt Everitt &#8211; ExitMusicAr | Radiohead Argentina - \u00faltimas noticias","description":"Ed O'Brien habl\u00f3 con Matt Everitt sobre su acercamiento a la m\u00fasica y confirm\u00f3 que realizar\u00e1 durante 2017 su primer \u00e1lbum solista.","robots":{"index":"index","follow":"follow","max-snippet":"max-snippet:-1","max-image-preview":"max-image-preview:large","max-video-preview":"max-video-preview:-1"},"canonical":"https:\/\/www.exitmusic.com.ar\/news\/2016\/10\/09\/ed-obrien-habla-matt-everitt\/","og_locale":"es_ES","og_type":"article","og_title":"Ed O'Brien habla con Matt Everitt &#8211; ExitMusicAr | Radiohead Argentina - \u00faltimas noticias","og_description":"Ed O'Brien habl\u00f3 con Matt Everitt sobre su acercamiento a la m\u00fasica y confirm\u00f3 que realizar\u00e1 durante 2017 su primer \u00e1lbum solista.","og_url":"https:\/\/www.exitmusic.com.ar\/news\/2016\/10\/09\/ed-obrien-habla-matt-everitt\/","og_site_name":"ExitMusicAr | Radiohead Argentina - \u00faltimas noticias","article_publisher":"https:\/\/www.facebook.com\/ExitMusicAr","article_published_time":"2016-10-09T13:06:39+00:00","article_modified_time":"2020-03-24T21:09:32+00:00","og_image":[{"width":732,"height":630,"url":"https:\/\/www.exitmusic.com.ar\/news\/wp-content\/uploads\/2016\/10\/CuUw7apXgAE72-w-e1476017923717.jpg","type":"image\/jpeg"}],"author":"britbomber","twitter_card":"summary_large_image","twitter_creator":"@ExitMusicAr","twitter_site":"@ExitMusicAr","twitter_misc":{"Escrito por":"britbomber","Tiempo de lectura":"4 minutos"},"schema":{"@context":"https:\/\/schema.org","@graph":[{"@type":"NewsArticle","@id":"https:\/\/www.exitmusic.com.ar\/news\/2016\/10\/09\/ed-obrien-habla-matt-everitt\/#article","isPartOf":{"@id":"https:\/\/www.exitmusic.com.ar\/news\/2016\/10\/09\/ed-obrien-habla-matt-everitt\/"},"author":{"name":"britbomber","@id":"https:\/\/www.exitmusic.com.ar\/news\/#\/schema\/person\/5b17484c1a134bd78759c85b056b2e9a"},"headline":"Ed O&#8217;Brien habla con Matt Everitt","datePublished":"2016-10-09T13:06:39+00:00","dateModified":"2020-03-24T21:09:32+00:00","mainEntityOfPage":{"@id":"https:\/\/www.exitmusic.com.ar\/news\/2016\/10\/09\/ed-obrien-habla-matt-everitt\/"},"wordCount":748,"commentCount":0,"image":{"@id":"https:\/\/www.exitmusic.com.ar\/news\/2016\/10\/09\/ed-obrien-habla-matt-everitt\/#primaryimage"},"thumbnailUrl":"https:\/\/www.exitmusic.com.ar\/news\/wp-content\/uploads\/2016\/10\/CuUw7apXgAE72-w-e1476017923717.jpg","keywords":["ed o'brien","entrevista","matt everitt"],"articleSection":["Ed O'Brien","Noticias"],"inLanguage":"es","potentialAction":[{"@type":"CommentAction","name":"Comment","target":["https:\/\/www.exitmusic.com.ar\/news\/2016\/10\/09\/ed-obrien-habla-matt-everitt\/#respond"]}]},{"@type":"WebPage","@id":"https:\/\/www.exitmusic.com.ar\/news\/2016\/10\/09\/ed-obrien-habla-matt-everitt\/","url":"https:\/\/www.exitmusic.com.ar\/news\/2016\/10\/09\/ed-obrien-habla-matt-everitt\/","name":"Ed O'Brien habla con Matt Everitt &#8211; ExitMusicAr | Radiohead Argentina - \u00faltimas noticias","isPartOf":{"@id":"https:\/\/www.exitmusic.com.ar\/news\/#website"},"primaryImageOfPage":{"@id":"https:\/\/www.exitmusic.com.ar\/news\/2016\/10\/09\/ed-obrien-habla-matt-everitt\/#primaryimage"},"image":{"@id":"https:\/\/www.exitmusic.com.ar\/news\/2016\/10\/09\/ed-obrien-habla-matt-everitt\/#primaryimage"},"thumbnailUrl":"https:\/\/www.exitmusic.com.ar\/news\/wp-content\/uploads\/2016\/10\/CuUw7apXgAE72-w-e1476017923717.jpg","datePublished":"2016-10-09T13:06:39+00:00","dateModified":"2020-03-24T21:09:32+00:00","author":{"@id":"https:\/\/www.exitmusic.com.ar\/news\/#\/schema\/person\/5b17484c1a134bd78759c85b056b2e9a"},"description":"Ed O'Brien habl\u00f3 con Matt Everitt sobre su acercamiento a la m\u00fasica y confirm\u00f3 que realizar\u00e1 durante 2017 su primer \u00e1lbum solista.","breadcrumb":{"@id":"https:\/\/www.exitmusic.com.ar\/news\/2016\/10\/09\/ed-obrien-habla-matt-everitt\/#breadcrumb"},"inLanguage":"es","potentialAction":[{"@type":"ReadAction","target":["https:\/\/www.exitmusic.com.ar\/news\/2016\/10\/09\/ed-obrien-habla-matt-everitt\/"]}]},{"@type":"ImageObject","inLanguage":"es","@id":"https:\/\/www.exitmusic.com.ar\/news\/2016\/10\/09\/ed-obrien-habla-matt-everitt\/#primaryimage","url":"https:\/\/www.exitmusic.com.ar\/news\/wp-content\/uploads\/2016\/10\/CuUw7apXgAE72-w-e1476017923717.jpg","contentUrl":"https:\/\/www.exitmusic.com.ar\/news\/wp-content\/uploads\/2016\/10\/CuUw7apXgAE72-w-e1476017923717.jpg","width":732,"height":630},{"@type":"BreadcrumbList","@id":"https:\/\/www.exitmusic.com.ar\/news\/2016\/10\/09\/ed-obrien-habla-matt-everitt\/#breadcrumb","itemListElement":[{"@type":"ListItem","position":1,"name":"Inicio","item":"https:\/\/www.exitmusic.com.ar\/news\/"},{"@type":"ListItem","position":2,"name":"Noticias","item":"https:\/\/www.exitmusic.com.ar\/news\/secciones\/noticias\/"},{"@type":"ListItem","position":3,"name":"Ed O'Brien","item":"https:\/\/www.exitmusic.com.ar\/news\/secciones\/noticias\/ed-obrien\/"},{"@type":"ListItem","position":4,"name":"Ed O&#8217;Brien habla con Matt Everitt"}]},{"@type":"WebSite","@id":"https:\/\/www.exitmusic.com.ar\/news\/#website","url":"https:\/\/www.exitmusic.com.ar\/news\/","name":"ExitMusicAr | Radiohead Argentina","description":"Noticias e informaci\u00f3n sobre Radiohead, EOB, Philip Selway, Jonny Greenwood, Thom Yorke, Atoms for Peace y The Smile","potentialAction":[{"@type":"SearchAction","target":{"@type":"EntryPoint","urlTemplate":"https:\/\/www.exitmusic.com.ar\/news\/?s={search_term_string}"},"query-input":{"@type":"PropertyValueSpecification","valueRequired":true,"valueName":"search_term_string"}}],"inLanguage":"es"},{"@type":"Person","@id":"https:\/\/www.exitmusic.com.ar\/news\/#\/schema\/person\/5b17484c1a134bd78759c85b056b2e9a","name":"britbomber","image":{"@type":"ImageObject","inLanguage":"es","@id":"https:\/\/secure.gravatar.com\/avatar\/7aa60245619700190832ac995e42108bfadba25baafc3bf5bb91e97db0e7a0bd?s=96&d=identicon&r=r","url":"https:\/\/secure.gravatar.com\/avatar\/7aa60245619700190832ac995e42108bfadba25baafc3bf5bb91e97db0e7a0bd?s=96&d=identicon&r=r","contentUrl":"https:\/\/secure.gravatar.com\/avatar\/7aa60245619700190832ac995e42108bfadba25baafc3bf5bb91e97db0e7a0bd?s=96&d=identicon&r=r","caption":"britbomber"}}]}},"amp_enabled":true,"_links":{"self":[{"href":"https:\/\/www.exitmusic.com.ar\/news\/wp-json\/wp\/v2\/posts\/8984","targetHints":{"allow":["GET"]}}],"collection":[{"href":"https:\/\/www.exitmusic.com.ar\/news\/wp-json\/wp\/v2\/posts"}],"about":[{"href":"https:\/\/www.exitmusic.com.ar\/news\/wp-json\/wp\/v2\/types\/post"}],"author":[{"embeddable":true,"href":"https:\/\/www.exitmusic.com.ar\/news\/wp-json\/wp\/v2\/users\/2"}],"replies":[{"embeddable":true,"href":"https:\/\/www.exitmusic.com.ar\/news\/wp-json\/wp\/v2\/comments?post=8984"}],"version-history":[{"count":0,"href":"https:\/\/www.exitmusic.com.ar\/news\/wp-json\/wp\/v2\/posts\/8984\/revisions"}],"wp:featuredmedia":[{"embeddable":true,"href":"https:\/\/www.exitmusic.com.ar\/news\/wp-json\/wp\/v2\/media\/8985"}],"wp:attachment":[{"href":"https:\/\/www.exitmusic.com.ar\/news\/wp-json\/wp\/v2\/media?parent=8984"}],"wp:term":[{"taxonomy":"category","embeddable":true,"href":"https:\/\/www.exitmusic.com.ar\/news\/wp-json\/wp\/v2\/categories?post=8984"},{"taxonomy":"post_tag","embeddable":true,"href":"https:\/\/www.exitmusic.com.ar\/news\/wp-json\/wp\/v2\/tags?post=8984"}],"curies":[{"name":"wp","href":"https:\/\/api.w.org\/{rel}","templated":true}]}}